{"id":1814,"date":"2020-10-03T17:25:00","date_gmt":"2020-10-03T15:25:00","guid":{"rendered":"https:\/\/poedelwitz.test.dorde.de\/?p=1814"},"modified":"2022-03-11T10:38:25","modified_gmt":"2022-03-11T09:38:25","slug":"poedelwitz-hat-zukunft-massnahmenpapier-zur-dorfentwicklung","status":"publish","type":"post","link":"https:\/\/www.poedelwitz.de\/de\/poedelwitz-hat-zukunft-massnahmenpapier-zur-dorfentwicklung","title":{"rendered":"P\u00f6delwitz hat Zukunft! \u2013 Ma\u00dfnahmenpapier zur Dorfentwicklung"},"content":{"rendered":"\n<p>Die B\u00fcrgerinitiative \u201cPro P\u00f6delwitz\u201d hat zusammen mit den Dorf-Bewohner*innen und zahlreichen B\u00fcndnispartnern ein Ma\u00dfnahmenpapier zur Zukunft des Ortes vorgelegt.<\/p>\n\n\n\n<p>\u201eWir haben \u00fcber 10 Jahre f\u00fcr den Erhalt unseres Dorfes gek\u00e4mpft, jetzt wollen wir zusammen mit den Entscheidungstr\u00e4gern auf Kommunal- und Landesebene die Wiederbelebung des Ortes planen und umsetzen. Unser Ma\u00dfnahmenpapier ist daf\u00fcr die Basis. P\u00f6delwitz hat das Potential, ein Vorzeigeprojekt f\u00fcr den Strukturwandel in der Region zu sein \u2013 demokratisch, \u00f6kologisch und sozial. Packen wir\u2019s an!\u201d so Jens Hausner aus P\u00f6delwitz.<\/p>\n\n\n\n<p>Das Papier sieht unter anderem vor, dass sich das Dorf vollst\u00e4ndig mit erneuerbaren Energien selbst versorgt, kleine Betriebe und Genossenschaften entstehen und Menschen aller Generationen zusammenleben.<\/p>\n\n\n\n<div class=\"wp-block-file\"><a id=\"wp-block-file--media-ccce6ad0-378c-4d52-b403-807fdf5b6589\" href=\"https:\/\/www.poedelwitz.proxfab.space\/wp-content\/uploads\/2021\/06\/Poedelwitz-hat-Zukunft.pdf\">Poedelwitz-hat-Zukunft<\/a><a href=\"https:\/\/www.poedelwitz.proxfab.space\/wp-content\/uploads\/2021\/06\/Poedelwitz-hat-Zukunft.pdf\" class=\"wp-block-file__button\" download aria-describedby=\"wp-block-file--media-ccce6ad0-378c-4d52-b403-807fdf5b6589\">Herunterladen<\/a><\/div>\n\n\n\n<p><\/p>\n","protected":false},"excerpt":{"rendered":"<p>Die B\u00fcrgerinitiative \u201cPro P\u00f6delwitz\u201d hat zusammen mit den Dorf-Bewohner*innen und zahlreichen B\u00fcndnispartnern ein Ma\u00dfnahmenpapier zur Zukunft des Ortes vorgelegt. \u201eWir haben \u00fcber 10 Jahre f\u00fcr den Erhalt unseres Dorfes gek\u00e4mpft, jetzt wollen wir zusammen mit den Entscheidungstr\u00e4gern auf Kommunal- und Landesebene die Wiederbelebung des Ortes planen und umsetzen. Unser Ma\u00dfnahmenpapier ist daf\u00fcr die Basis. P\u00f6delwitz [&hellip;]<\/p>\n","protected":false},"author":1,"featured_media":3795,"comment_status":"open","ping_status":"open","sticky":false,"template":"","format":"standard","meta":{"inline_featured_image":false,"footnotes":""},"categories":[1],"tags":[],"class_list":["post-1814","post","type-post","status-publish","format-standard","has-post-thumbnail","hentry","category-uncategorized"],"_links":{"self":[{"href":"https:\/\/www.poedelwitz.de\/de\/wp-json\/wp\/v2\/posts\/1814","targetHints":{"allow":["GET"]}}],"collection":[{"href":"https:\/\/www.poedelwitz.de\/de\/wp-json\/wp\/v2\/posts"}],"about":[{"href":"https:\/\/www.poedelwitz.de\/de\/wp-json\/wp\/v2\/types\/post"}],"author":[{"embeddable":true,"href":"https:\/\/www.poedelwitz.de\/de\/wp-json\/wp\/v2\/users\/1"}],"replies":[{"embeddable":true,"href":"https:\/\/www.poedelwitz.de\/de\/wp-json\/wp\/v2\/comments?post=1814"}],"version-history":[{"count":3,"href":"https:\/\/www.poedelwitz.de\/de\/wp-json\/wp\/v2\/posts\/1814\/revisions"}],"predecessor-version":[{"id":3800,"href":"https:\/\/www.poedelwitz.de\/de\/wp-json\/wp\/v2\/posts\/1814\/revisions\/3800"}],"wp:featuredmedia":[{"embeddable":true,"href":"https:\/\/www.poedelwitz.de\/de\/wp-json\/wp\/v2\/media\/3795"}],"wp:attachment":[{"href":"https:\/\/www.poedelwitz.de\/de\/wp-json\/wp\/v2\/media?parent=1814"}],"wp:term":[{"taxonomy":"category","embeddable":true,"href":"https:\/\/www.poedelwitz.de\/de\/wp-json\/wp\/v2\/categories?post=1814"},{"taxonomy":"post_tag","embeddable":true,"href":"https:\/\/www.poedelwitz.de\/de\/wp-json\/wp\/v2\/tags?post=1814"}],"curies":[{"name":"wp","href":"https:\/\/api.w.org\/{rel}","templated":true}]}}