{"id":2215,"date":"2021-05-09T17:45:00","date_gmt":"2021-05-09T15:45:00","guid":{"rendered":"https:\/\/www.poedelwitz.proxfab.space\/?p=2215"},"modified":"2022-03-11T10:37:23","modified_gmt":"2022-03-11T09:37:23","slug":"neue-bluehwiesen-in-poedelwitz","status":"publish","type":"post","link":"https:\/\/www.poedelwitz.de\/de\/neue-bluehwiesen-in-poedelwitz","title":{"rendered":"Neue Bl\u00fchwiesen in P\u00f6delwitz"},"content":{"rendered":"\n<p>Das Fr\u00fchjahr 2021 sollte endlich wieder neues Leben nach P\u00f6delwitz bringen. W\u00e4hrend sich immer mehr Menschen mit Wohn- und Projektinteresse bei uns meldeten, schufen wir ein neues Heim f\u00fcr Schmetterlinge, Wildbienen und Krabbeltiere aller Art. Durch die F\u00f6rderung des Projektes \u201ePuppenstuben gesucht \u2013 Bl\u00fchende Wiesen f\u00fcr Sachsens Schmetterlinge\u201c begannen wir Mitte April mit der Vorbereitung einer 2.000 m\u00b2 gro\u00dfen Wiese zur Einsaat des speziell auf heimische Arten angepassten Saatgutes. Die zuk\u00fcnftige Bl\u00fchwiese befindet sich mitten im Dorf und ist f\u00fcr 5 Jahre von der Stadt Groitzsch gepachtet. Fr\u00fcher diente diese zur Heuernte. Einige Besonderheiten weist die Wiese schon heute auf. Ein kleiner und an manchen Stellen holpriger Weg bietet Gelegenheit mitten durch die Wiese zu spazieren. Umringt von Fliederb\u00fcschen l\u00e4dt eine Bank zum Verweilen und Genie\u00dfen ein. Bevor wir wussten, dass wir die Gr\u00fcnfl\u00e4che umgestalten wollen, haben wir bereits im November 2020 im Rahmen unserer ersten Baumpflanzaktion eine Zwetschge, eine Zeder, eine kleine Felsenbirne und sogar einen Steckling aus dem Hambacher Forst gepflanzt. Erg\u00e4nzt wurden die B\u00e4ume durch schwarze und rote Johannisbeerstr\u00e4ucher, deren Fr\u00fcchte wir schon dieses Jahr verzehren k\u00f6nnen. Unser Ziel ist es mit der gesamten Fl\u00e4che dem Projekt \"essbares Dorf\" im Ort eine vielf\u00e4ltige Aufmerksamkeit zu schenken. Wir empfinden es als unsere Aufgabe regionale Kreisl\u00e4ufe aufzufrischen, die P\u00f6delwitzer Artenvielfalt zu st\u00e4rken und ein Bewusstsein f\u00fcr Biodoversit\u00e4t zu schaffen. Auf <a href=\"https:\/\/www.schmetterlingswiesen.de\/\">https:\/\/www.schmetterlingswiesen.de\/<\/a> ist unsere Bl\u00fchwiese mit der Nummer 691 auch online sichtbar.<\/p>\n","protected":false},"excerpt":{"rendered":"<p>Das Fr\u00fchjahr 2021 sollte endlich wieder neues Leben nach P\u00f6delwitz bringen. W\u00e4hrend sich immer mehr Menschen mit Wohn- und Projektinteresse bei uns meldeten, schufen wir ein neues Heim f\u00fcr Schmetterlinge, Wildbienen und Krabbeltiere aller Art. Durch die F\u00f6rderung des Projektes \u201ePuppenstuben gesucht \u2013 Bl\u00fchende Wiesen f\u00fcr Sachsens Schmetterlinge\u201c begannen wir Mitte April mit der Vorbereitung [&hellip;]<\/p>\n","protected":false},"author":1,"featured_media":3797,"comment_status":"open","ping_status":"open","sticky":false,"template":"","format":"standard","meta":{"inline_featured_image":false,"footnotes":""},"categories":[1],"tags":[],"class_list":["post-2215","post","type-post","status-publish","format-standard","has-post-thumbnail","hentry","category-uncategorized"],"_links":{"self":[{"href":"https:\/\/www.poedelwitz.de\/de\/wp-json\/wp\/v2\/posts\/2215","targetHints":{"allow":["GET"]}}],"collection":[{"href":"https:\/\/www.poedelwitz.de\/de\/wp-json\/wp\/v2\/posts"}],"about":[{"href":"https:\/\/www.poedelwitz.de\/de\/wp-json\/wp\/v2\/types\/post"}],"author":[{"embeddable":true,"href":"https:\/\/www.poedelwitz.de\/de\/wp-json\/wp\/v2\/users\/1"}],"replies":[{"embeddable":true,"href":"https:\/\/www.poedelwitz.de\/de\/wp-json\/wp\/v2\/comments?post=2215"}],"version-history":[{"count":2,"href":"https:\/\/www.poedelwitz.de\/de\/wp-json\/wp\/v2\/posts\/2215\/revisions"}],"predecessor-version":[{"id":2478,"href":"https:\/\/www.poedelwitz.de\/de\/wp-json\/wp\/v2\/posts\/2215\/revisions\/2478"}],"wp:featuredmedia":[{"embeddable":true,"href":"https:\/\/www.poedelwitz.de\/de\/wp-json\/wp\/v2\/media\/3797"}],"wp:attachment":[{"href":"https:\/\/www.poedelwitz.de\/de\/wp-json\/wp\/v2\/media?parent=2215"}],"wp:term":[{"taxonomy":"category","embeddable":true,"href":"https:\/\/www.poedelwitz.de\/de\/wp-json\/wp\/v2\/categories?post=2215"},{"taxonomy":"post_tag","embeddable":true,"href":"https:\/\/www.poedelwitz.de\/de\/wp-json\/wp\/v2\/tags?post=2215"}],"curies":[{"name":"wp","href":"https:\/\/api.w.org\/{rel}","templated":true}]}}