{"id":2218,"date":"2021-02-19T17:47:00","date_gmt":"2021-02-19T16:47:00","guid":{"rendered":"https:\/\/www.poedelwitz.proxfab.space\/?p=2218"},"modified":"2022-03-11T10:37:54","modified_gmt":"2022-03-11T09:37:54","slug":"gruendung-des-vereins-poedelwitz-hat-zukunft-e-v","status":"publish","type":"post","link":"https:\/\/www.poedelwitz.de\/de\/gruendung-des-vereins-poedelwitz-hat-zukunft-e-v","title":{"rendered":"Gr\u00fcndung des Vereins P\u00f6delwitz hat Zukunft e. V."},"content":{"rendered":"\n<p>Als der Lockdown uns alle zu Beginn des Jahres 2021 fest im Griff hatte, scheuten wir uns nicht die Revitalisierung von P\u00f6delwitz auch online weiter voranzutreiben. Ein wichtiges organisatorisches Vehikel wurde die Gr\u00fcndung eines Vereins. Nach zahlreichen Recherchen, \u00dcberlegungen und Gespr\u00e4chen setzten wir im Februar eine Satzung auf und riefen zur Gr\u00fcndungsversammlung auf. Am 19.02.2021 war es dann soweit, in mittlerweile gewohnter digitaler Versammlung besprachen elf Gr\u00fcndungsmitglieder die Organisation unseres Vereins. Nora, Pauli und Franzi gingen als einstimmig gew\u00e4hlter Vorstand hervor. Frohen Mutes und professionell organisiert nahm der \"P\u00f6delwitz hat Zukunft\" Verein Fahrt auf und machte in den n\u00e4chsten Wochen und Monaten Halt beim Finanzamt Grimma, Notarb\u00fcro Zapf &amp; Flache und schlie\u00dflich auch beim Amtsgericht Leipzig. Wir freuen uns seit 13.07.2021 ein gemeinn\u00fctziger und eingetragener Verein zu sein. Die Dorfentwicklung soll in den n\u00e4chsten Jahren fokussiert durch den Verein geplant und umgesetzt werden. Weiterhin erm\u00f6glicht uns diese Rechtsform F\u00f6rderantr\u00e4ge zu stellen und auch Veranstaltungen wie Dorffeste zu gestalten. Ein besonderes Mitglied ist die Kirchgemeinde Groitzsch sowie ihre Pfarrerin Friederike Kaltofen. Unsere Satzung ist unter folgenden Link zu finden: . Beim Lesen wird euch auffallen, dass wir auf regelm\u00e4\u00dfige Mitgliedsbetr\u00e4ge verzichten jedoch freuen wir uns \u00fcber F\u00f6rdermitglieder:innen.<\/p>\n","protected":false},"excerpt":{"rendered":"<p>Als der Lockdown uns alle zu Beginn des Jahres 2021 fest im Griff hatte, scheuten wir uns nicht die Revitalisierung von P\u00f6delwitz auch online weiter voranzutreiben. Ein wichtiges organisatorisches Vehikel wurde die Gr\u00fcndung eines Vereins. Nach zahlreichen Recherchen, \u00dcberlegungen und Gespr\u00e4chen setzten wir im Februar eine Satzung auf und riefen zur Gr\u00fcndungsversammlung auf. Am 19.02.2021 [&hellip;]<\/p>\n","protected":false},"author":1,"featured_media":3796,"comment_status":"open","ping_status":"open","sticky":false,"template":"","format":"standard","meta":{"inline_featured_image":false,"footnotes":""},"categories":[1],"tags":[],"class_list":["post-2218","post","type-post","status-publish","format-standard","has-post-thumbnail","hentry","category-uncategorized"],"_links":{"self":[{"href":"https:\/\/www.poedelwitz.de\/de\/wp-json\/wp\/v2\/posts\/2218","targetHints":{"allow":["GET"]}}],"collection":[{"href":"https:\/\/www.poedelwitz.de\/de\/wp-json\/wp\/v2\/posts"}],"about":[{"href":"https:\/\/www.poedelwitz.de\/de\/wp-json\/wp\/v2\/types\/post"}],"author":[{"embeddable":true,"href":"https:\/\/www.poedelwitz.de\/de\/wp-json\/wp\/v2\/users\/1"}],"replies":[{"embeddable":true,"href":"https:\/\/www.poedelwitz.de\/de\/wp-json\/wp\/v2\/comments?post=2218"}],"version-history":[{"count":2,"href":"https:\/\/www.poedelwitz.de\/de\/wp-json\/wp\/v2\/posts\/2218\/revisions"}],"predecessor-version":[{"id":2479,"href":"https:\/\/www.poedelwitz.de\/de\/wp-json\/wp\/v2\/posts\/2218\/revisions\/2479"}],"wp:featuredmedia":[{"embeddable":true,"href":"https:\/\/www.poedelwitz.de\/de\/wp-json\/wp\/v2\/media\/3796"}],"wp:attachment":[{"href":"https:\/\/www.poedelwitz.de\/de\/wp-json\/wp\/v2\/media?parent=2218"}],"wp:term":[{"taxonomy":"category","embeddable":true,"href":"https:\/\/www.poedelwitz.de\/de\/wp-json\/wp\/v2\/categories?post=2218"},{"taxonomy":"post_tag","embeddable":true,"href":"https:\/\/www.poedelwitz.de\/de\/wp-json\/wp\/v2\/tags?post=2218"}],"curies":[{"name":"wp","href":"https:\/\/api.w.org\/{rel}","templated":true}]}}