{"id":3793,"date":"2021-09-18T10:22:00","date_gmt":"2021-09-18T08:22:00","guid":{"rendered":"https:\/\/www.poedelwitz.de\/?p=3793"},"modified":"2023-07-11T18:47:09","modified_gmt":"2023-07-11T16:47:09","slug":"dorffest-in-poedelwitz","status":"publish","type":"post","link":"https:\/\/www.poedelwitz.de\/de\/dorffest-in-poedelwitz","title":{"rendered":"Dorffest in P\u00f6delwitz"},"content":{"rendered":"\n<p>Als Dankesch\u00f6n an alle Beteiligten im Widerstand und als Start in die Zukunft von P\u00f6delwitz haben wir am 18.9.2021 ein \u201cDorffest\u201d veranstaltet und unsere Vision f\u00fcr P\u00f6delwitz begreifbarer und tempor\u00e4r erlebbar gemacht. Dabei haben wir vor allem mit allen an P\u00f6delwitz interessierten Menschen gefeiert, aber uns auch weiter vernetzt und \u00fcber unsere Ideen zur Zukunft von P\u00f6delwitz informiert und diskutiert.<\/p>\n\n\n\n<p>Neben vielen anderen Mitmachangeboten (z. B. Papiersch\u00f6pfen, Siebdruck, Foto-Potch und Mitmachzirkus) haben wir mit einer mobilen Saftpresse Saft aus regionalem Obst erzeugt, der dann mit anderen Leckereien im Dorflokal \u201eKneiP\u00f6\u201c genossen werden konnte und im Dorfladen \u201eP\u00f6delwitz\u2018 gemeinsame Speisekammer\u201c neben der Kleidertauschecke gegen Spende mitgenommen werden konnte. Die musikalischen Beitr\u00e4ge von Axel Stiller auf unserer Dorfb\u00fchne und verschiedenen DJs auf dem Dancefloor sorgten f\u00fcr ausgelassene Partystimmung. Mit etwas ruhigeren T\u00f6nen rundeten die Klimaandacht in der Dorfkirche und der Licht- und Tonzauber im Projektgarten unser Dorffest ab und alle Menschen konnten auf verschiedenen Wegen unser Dorf und unsere Ideen zur Entwicklung entdecken.<br>https:\/\/dorffest.poedelwitz.de\/<\/p>\n\n\n\n<figure class=\"wp-block-image size-large is-resized\"><img decoding=\"async\" src=\"https:\/\/www.poedelwitz.de\/wp-content\/uploads\/2023\/07\/KDFS_LogoWappenText_2020_RGB-1024x250.png\" alt=\"\" class=\"wp-image-4775\" width=\"470\" height=\"114\" srcset=\"https:\/\/www.poedelwitz.de\/wp-content\/uploads\/2023\/07\/KDFS_LogoWappenText_2020_RGB-1024x250.png 1024w, https:\/\/www.poedelwitz.de\/wp-content\/uploads\/2023\/07\/KDFS_LogoWappenText_2020_RGB-300x73.png 300w, https:\/\/www.poedelwitz.de\/wp-content\/uploads\/2023\/07\/KDFS_LogoWappenText_2020_RGB-768x188.png 768w, https:\/\/www.poedelwitz.de\/wp-content\/uploads\/2023\/07\/KDFS_LogoWappenText_2020_RGB-1536x375.png 1536w, https:\/\/www.poedelwitz.de\/wp-content\/uploads\/2023\/07\/KDFS_LogoWappenText_2020_RGB-2048x500.png 2048w, https:\/\/www.poedelwitz.de\/wp-content\/uploads\/2023\/07\/KDFS_LogoWappenText_2020_RGB-18x4.png 18w, https:\/\/www.poedelwitz.de\/wp-content\/uploads\/2023\/07\/KDFS_LogoWappenText_2020_RGB-1600x391.png 1600w\" sizes=\"(max-width: 470px) 100vw, 470px\" \/><\/figure>\n","protected":false},"excerpt":{"rendered":"<p>Als Dankesch\u00f6n an alle Beteiligten im Widerstand und als Start in die Zukunft von P\u00f6delwitz haben wir am 18.9.2021 ein \u201cDorffest\u201d veranstaltet und unsere Vision f\u00fcr P\u00f6delwitz begreifbarer und tempor\u00e4r erlebbar gemacht. Dabei haben wir vor allem mit allen an P\u00f6delwitz interessierten Menschen gefeiert, aber uns auch weiter vernetzt und \u00fcber unsere Ideen zur Zukunft [&hellip;]<\/p>\n","protected":false},"author":1,"featured_media":0,"comment_status":"open","ping_status":"open","sticky":false,"template":"","format":"standard","meta":{"inline_featured_image":false,"footnotes":""},"categories":[1],"tags":[],"class_list":["post-3793","post","type-post","status-publish","format-standard","hentry","category-uncategorized"],"_links":{"self":[{"href":"https:\/\/www.poedelwitz.de\/de\/wp-json\/wp\/v2\/posts\/3793","targetHints":{"allow":["GET"]}}],"collection":[{"href":"https:\/\/www.poedelwitz.de\/de\/wp-json\/wp\/v2\/posts"}],"about":[{"href":"https:\/\/www.poedelwitz.de\/de\/wp-json\/wp\/v2\/types\/post"}],"author":[{"embeddable":true,"href":"https:\/\/www.poedelwitz.de\/de\/wp-json\/wp\/v2\/users\/1"}],"replies":[{"embeddable":true,"href":"https:\/\/www.poedelwitz.de\/de\/wp-json\/wp\/v2\/comments?post=3793"}],"version-history":[{"count":2,"href":"https:\/\/www.poedelwitz.de\/de\/wp-json\/wp\/v2\/posts\/3793\/revisions"}],"predecessor-version":[{"id":4776,"href":"https:\/\/www.poedelwitz.de\/de\/wp-json\/wp\/v2\/posts\/3793\/revisions\/4776"}],"wp:attachment":[{"href":"https:\/\/www.poedelwitz.de\/de\/wp-json\/wp\/v2\/media?parent=3793"}],"wp:term":[{"taxonomy":"category","embeddable":true,"href":"https:\/\/www.poedelwitz.de\/de\/wp-json\/wp\/v2\/categories?post=3793"},{"taxonomy":"post_tag","embeddable":true,"href":"https:\/\/www.poedelwitz.de\/de\/wp-json\/wp\/v2\/tags?post=3793"}],"curies":[{"name":"wp","href":"https:\/\/api.w.org\/{rel}","templated":true}]}}