{"id":4260,"date":"2022-09-27T16:43:12","date_gmt":"2022-09-27T14:43:12","guid":{"rendered":"https:\/\/www.poedelwitz.de\/?p=4260"},"modified":"2025-03-31T13:14:26","modified_gmt":"2025-03-31T11:14:26","slug":"ein-kraeutergarten-entsteht-auftakt-unseres-einjaehrigen-lehrgangs-am-17-und-18-september","status":"publish","type":"post","link":"https:\/\/www.poedelwitz.de\/de\/ein-kraeutergarten-entsteht-auftakt-unseres-einjaehrigen-lehrgangs-am-17-und-18-september","title":{"rendered":"Ein Kr\u00e4utergarten entsteht! &#8211; Auftakt unseres einj\u00e4hrigen Lehrgangs am 17. und 18. September"},"content":{"rendered":"\n<p>Auf einem der vielen sch\u00f6nen Anger von P\u00f6delwitz legen wir im Laufe des n\u00e4chsten Jahres im Rahmen einer Workshop-Reihe einen Kr\u00e4utergarten als Commons an: einen Ort, den die Dorfgemeinschaft gemeinsam pflegt und nutzt - zur Versorgung, zur Erholung und als Treffpunkt.<\/p>\n\n\n\n<p>Die interessierten und engagierten Teilnehmer und Teilnehmerinnen konnten nun an unseren ersten gemeinsamen Kurs-Tagen nicht nur die Welt der Kr\u00e4uter(G\u00e4rten) kennenlernen, sondern auch P\u00f6delwitz - den besonderen Ort, an dem wir unsere Visionen pflanzen werden.<\/p>\n\n\n\n<p>Doch vor dem Griff zum Spaten steht ein Prozess des achtsamen Entwerfens und Planens und so besch\u00e4ftigten wir uns zun\u00e4chst mit einigen theoretischen Grundlagen wie der Geschichte von (Kr\u00e4uter)G\u00e4rten und den Prinzipien von Permakultur. Zwischendurch besichtigten wir immer wieder die P\u00f6delwitzer Bl\u00fchwiese, auf der der Garten in unseren K\u00f6pfen langsam Form anzunehmen begann. <\/p>\n\n\n\n<p>Inspiriert von den vielen bebilderten M\u00f6glichkeiten des Wege- und Beetbaus, die uns die Workshop-Leitenden Andr\u00e9 Freymann und Kristin H\u00e4user mitgebracht hatten, sind nun erste Entw\u00fcrfe entstanden. Wir freuen uns darauf, am 8. und 9. Oktober mit den ersten Schritten der Umsetzung zu beginnen!<\/p>\n\n\n\n<figure class=\"wp-block-image size-large\"><img decoding=\"async\" width=\"1024\" height=\"682\" src=\"https:\/\/www.poedelwitz.de\/wp-content\/uploads\/2022\/09\/22_09_18-KG-Praxis-1024x682.jpg\" alt=\"\" class=\"wp-image-4262\" srcset=\"https:\/\/www.poedelwitz.de\/wp-content\/uploads\/2022\/09\/22_09_18-KG-Praxis-1024x682.jpg 1024w, https:\/\/www.poedelwitz.de\/wp-content\/uploads\/2022\/09\/22_09_18-KG-Praxis-300x200.jpg 300w, https:\/\/www.poedelwitz.de\/wp-content\/uploads\/2022\/09\/22_09_18-KG-Praxis-768x511.jpg 768w, https:\/\/www.poedelwitz.de\/wp-content\/uploads\/2022\/09\/22_09_18-KG-Praxis-1600x1065.jpg 1600w, https:\/\/www.poedelwitz.de\/wp-content\/uploads\/2022\/09\/22_09_18-KG-Praxis-1536x1023.jpg 1536w, https:\/\/www.poedelwitz.de\/wp-content\/uploads\/2022\/09\/22_09_18-KG-Praxis-2048x1364.jpg 2048w, https:\/\/www.poedelwitz.de\/wp-content\/uploads\/2022\/09\/22_09_18-KG-Praxis-18x12.jpg 18w, https:\/\/www.poedelwitz.de\/wp-content\/uploads\/2022\/09\/22_09_18-KG-Praxis-1200x800.jpg 1200w, https:\/\/www.poedelwitz.de\/wp-content\/uploads\/2022\/09\/22_09_18-KG-Praxis-930x620.jpg 930w\" sizes=\"(max-width: 1024px) 100vw, 1024px\" \/><\/figure>\n\n\n\n<p>Ein Veranstaltung in Kooperation mit dem KiB e.V. und der Wilden Kr\u00e4uterey Leipzig, gef\u00f6rdert durch die anstiftung, Vegeterra und GLS Treuhand.<\/p>\n\n\n\n<div class=\"wp-block-stackable-columns aligncenter stk-block-columns stk-block stk-e874182\" data-block-id=\"e874182\"><div class=\"stk-row stk-inner-blocks stk-block-content stk-content-align stk-e874182-column\">\n\n<div class=\"wp-block-stackable-column stk-block-column stk-block-column--v2 stk-column stk-block stk-2e0dad2\" data-block-id=\"2e0dad2\"><div class=\"stk-column-wrapper stk-block-column__content stk-container stk-2e0dad2-container stk--no-background stk--no-padding\"><div class=\"stk-block-content stk-inner-blocks stk-2e0dad2-inner-blocks\">\n\n<div class=\"wp-block-stackable-columns stk-block-columns stk-block stk-ba264c3\" data-block-id=\"ba264c3\"><div class=\"stk-row stk-inner-blocks stk-block-content stk-content-align stk-ba264c3-column\">\n\n<div class=\"wp-block-stackable-column stk-block-column stk-block-column--v2 stk-column stk-block stk-bf80504\" data-block-id=\"bf80504\"><div class=\"stk-column-wrapper stk-block-column__content stk-container stk-bf80504-container stk--no-background stk--no-padding\"><div class=\"stk-block-content stk-inner-blocks stk-bf80504-inner-blocks\">\n\n<figure class=\"wp-block-image size-full\"><img decoding=\"async\" src=\"https:\/\/www.poedelwitz.de\/wp-content\/uploads\/2022\/07\/Logo-Vegeterra.png\" alt=\"\" class=\"wp-image-4181\"\/><\/figure>\n\n<\/div><\/div><\/div>\n\n\n<div class=\"wp-block-stackable-column stk-block-column stk-block-column--v2 stk-column stk-block stk-e48e0ec\" data-block-id=\"e48e0ec\"><style>.stk-e48e0ec{align-self:center !important}<\/style><div class=\"stk-column-wrapper stk-block-column__content stk-container stk-e48e0ec-container stk--no-background stk--no-padding\"><div class=\"stk-block-content stk-inner-blocks stk-e48e0ec-inner-blocks\">\n\n<figure class=\"wp-block-image size-full\"><img decoding=\"async\" src=\"https:\/\/www.poedelwitz.de\/wp-content\/uploads\/2022\/07\/1024px-GLS-Treuhand-Logo.svg.png\" alt=\"\" class=\"wp-image-4178\"\/><\/figure>\n\n<\/div><\/div><\/div>\n\n\n<div class=\"wp-block-stackable-column stk-block-column stk-block-column--v2 stk-column stk-block stk-ec54c78\" data-block-id=\"ec54c78\"><style>.stk-ec54c78{align-self:center !important}<\/style><div class=\"stk-column-wrapper stk-block-column__content stk-container stk-ec54c78-container stk--no-background stk--no-padding\"><div class=\"stk-block-content stk-inner-blocks stk-ec54c78-inner-blocks\">\n\n<figure class=\"wp-block-image size-large\"><img decoding=\"async\" width=\"1024\" height=\"495\" src=\"https:\/\/www.poedelwitz.de\/wp-content\/uploads\/2022\/07\/anstiftungslogo-farbig-300dpi-1024x495.jpg\" alt=\"\" class=\"wp-image-4177\" srcset=\"https:\/\/www.poedelwitz.de\/wp-content\/uploads\/2022\/07\/anstiftungslogo-farbig-300dpi-1024x495.jpg 1024w, https:\/\/www.poedelwitz.de\/wp-content\/uploads\/2022\/07\/anstiftungslogo-farbig-300dpi-300x145.jpg 300w, https:\/\/www.poedelwitz.de\/wp-content\/uploads\/2022\/07\/anstiftungslogo-farbig-300dpi-768x372.jpg 768w, https:\/\/www.poedelwitz.de\/wp-content\/uploads\/2022\/07\/anstiftungslogo-farbig-300dpi-1536x743.jpg 1536w, https:\/\/www.poedelwitz.de\/wp-content\/uploads\/2022\/07\/anstiftungslogo-farbig-300dpi-18x9.jpg 18w, https:\/\/www.poedelwitz.de\/wp-content\/uploads\/2022\/07\/anstiftungslogo-farbig-300dpi.jpg 1550w\" sizes=\"(max-width: 1024px) 100vw, 1024px\" \/><\/figure>\n\n<\/div><\/div><\/div>\n\n<\/div><\/div>\n\n<\/div><\/div><\/div>\n\n<\/div><\/div>\n\n\n\n<figure class=\"wp-block-gallery has-nested-images columns-default is-cropped wp-block-gallery-1 is-layout-flex wp-block-gallery-is-layout-flex\">\n<figure class=\"wp-block-image size-large\"><img decoding=\"async\" data-id=\"5696\" src=\"https:\/\/www.poedelwitz.de\/wp-content\/uploads\/2022\/09\/GLS-Treuhand_Logo.png\" alt=\"\" class=\"wp-image-5696\"\/><\/figure>\n<\/figure>\n\n\n\n<figure class=\"wp-block-image size-full is-resized\"><img decoding=\"async\" src=\"https:\/\/www.poedelwitz.de\/wp-content\/uploads\/2022\/09\/Vegeterra_Logo.png\" alt=\"\" class=\"wp-image-5698\" style=\"width:400px;height:auto\"\/><\/figure>\n","protected":false},"excerpt":{"rendered":"<p>Auf einem der vielen sch\u00f6nen Anger von P\u00f6delwitz legen wir im Laufe des n\u00e4chsten Jahres im Rahmen einer Workshop-Reihe einen Kr\u00e4utergarten als Commons an: einen Ort, den die Dorfgemeinschaft gemeinsam pflegt und nutzt &#8211; zur Versorgung, zur Erholung und als Treffpunkt. Die interessierten und engagierten Teilnehmer und Teilnehmerinnen konnten nun an unseren ersten gemeinsamen Kurs-Tagen [&hellip;]<\/p>\n","protected":false},"author":11,"featured_media":4261,"comment_status":"open","ping_status":"open","sticky":false,"template":"","format":"standard","meta":{"inline_featured_image":false,"footnotes":""},"categories":[1],"tags":[],"class_list":["post-4260","post","type-post","status-publish","format-standard","has-post-thumbnail","hentry","category-uncategorized"],"_links":{"self":[{"href":"https:\/\/www.poedelwitz.de\/de\/wp-json\/wp\/v2\/posts\/4260","targetHints":{"allow":["GET"]}}],"collection":[{"href":"https:\/\/www.poedelwitz.de\/de\/wp-json\/wp\/v2\/posts"}],"about":[{"href":"https:\/\/www.poedelwitz.de\/de\/wp-json\/wp\/v2\/types\/post"}],"author":[{"embeddable":true,"href":"https:\/\/www.poedelwitz.de\/de\/wp-json\/wp\/v2\/users\/11"}],"replies":[{"embeddable":true,"href":"https:\/\/www.poedelwitz.de\/de\/wp-json\/wp\/v2\/comments?post=4260"}],"version-history":[{"count":8,"href":"https:\/\/www.poedelwitz.de\/de\/wp-json\/wp\/v2\/posts\/4260\/revisions"}],"predecessor-version":[{"id":5700,"href":"https:\/\/www.poedelwitz.de\/de\/wp-json\/wp\/v2\/posts\/4260\/revisions\/5700"}],"wp:featuredmedia":[{"embeddable":true,"href":"https:\/\/www.poedelwitz.de\/de\/wp-json\/wp\/v2\/media\/4261"}],"wp:attachment":[{"href":"https:\/\/www.poedelwitz.de\/de\/wp-json\/wp\/v2\/media?parent=4260"}],"wp:term":[{"taxonomy":"category","embeddable":true,"href":"https:\/\/www.poedelwitz.de\/de\/wp-json\/wp\/v2\/categories?post=4260"},{"taxonomy":"post_tag","embeddable":true,"href":"https:\/\/www.poedelwitz.de\/de\/wp-json\/wp\/v2\/tags?post=4260"}],"curies":[{"name":"wp","href":"https:\/\/api.w.org\/{rel}","templated":true}]}}