{"id":4419,"date":"2022-12-24T22:23:09","date_gmt":"2022-12-24T21:23:09","guid":{"rendered":"https:\/\/www.poedelwitz.de\/?p=4419"},"modified":"2022-12-26T20:18:24","modified_gmt":"2022-12-26T19:18:24","slug":"advent-advent-kein-lichtlein-brennt","status":"publish","type":"post","link":"https:\/\/www.poedelwitz.de\/de\/advent-advent-kein-lichtlein-brennt","title":{"rendered":"Advent, Advent \u2026 kein Lichtlein brennt"},"content":{"rendered":"\n<p>Das war\u2019s - wie jeder andere Adventskalender endet auch unserer am 24.12.<\/p>\n\n\n\n<p>Wozu der Spa\u00df?<\/p>\n\n\n\n<p>P\u00f6delwitz ist sch\u00f6n. P\u00f6delwitz ist leer.<\/p>\n\n\n\n<p>P\u00f6delwitz\u2018 Gegenwart ist verwoben in vielen Geschichten der Vergangenheit, dessen F\u00e4den auch die Zukunft pr\u00e4gen werden. Die F\u00e4den sind da, genauso wie die H\u00e4user mit ihren Geschichten da sind.<br>Doch welches Werk aus ihnen wachsen wird kann kein Mensch alleine bestimmen. Die Gemeinschaftsbildung und die Entwicklung eines solidarischen Miteinanders der Zukunft verweben sich hier mit den vergangenen Gemeinschaften.<\/p>\n\n\n\n<p>In diesen letzten Tagen des Jahres w\u00fcnschen wir eine erholsame Zeit. Ruhe und Tage der Reflexion, Kraft miteinander und Kraft mit-sich!<\/p>\n\n\n\n<p>Auf ein Wiedersehen im neuen Jahr,<br>Auf das zur kommenden Weihnachtszeit etwas mehr Leben nach P\u00f6delwitz zur\u00fcckgekehrt ist,<br><em>Lioba A. von P\u00f6delwitz hat Zukunft e. V.<\/em><\/p>\n\n\n\n<p class=\"ticss-b239b12e\">Alle T\u00fcrchen unseres Adventskalenders k\u00f6nnt ihr euch auf unserer Mastodon-Seite ansehen:<br><a href=\"https:\/\/todon.eu\/@poedelwitz\/tagged\/adventskalender\" target=\"_blank\" rel=\"noopener\" title=\"\">https:\/\/todon.eu\/@poedelwitz\/tagged\/adventskalender<\/a><\/p>\n\n\n<figure class=\"wp-block-post-featured-image\"><img decoding=\"async\" width=\"1587\" height=\"2245\" src=\"https:\/\/www.poedelwitz.de\/wp-content\/uploads\/2022\/12\/Plakat-Poedelwitz-Adventskalender-1.png\" class=\"attachment-post-thumbnail size-post-thumbnail wp-post-image\" alt=\"\" style=\"object-fit:cover;\" srcset=\"https:\/\/www.poedelwitz.de\/wp-content\/uploads\/2022\/12\/Plakat-Poedelwitz-Adventskalender-1.png 1587w, https:\/\/www.poedelwitz.de\/wp-content\/uploads\/2022\/12\/Plakat-Poedelwitz-Adventskalender-1-212x300.png 212w, https:\/\/www.poedelwitz.de\/wp-content\/uploads\/2022\/12\/Plakat-Poedelwitz-Adventskalender-1-724x1024.png 724w, https:\/\/www.poedelwitz.de\/wp-content\/uploads\/2022\/12\/Plakat-Poedelwitz-Adventskalender-1-768x1086.png 768w, https:\/\/www.poedelwitz.de\/wp-content\/uploads\/2022\/12\/Plakat-Poedelwitz-Adventskalender-1-1086x1536.png 1086w, https:\/\/www.poedelwitz.de\/wp-content\/uploads\/2022\/12\/Plakat-Poedelwitz-Adventskalender-1-1448x2048.png 1448w, https:\/\/www.poedelwitz.de\/wp-content\/uploads\/2022\/12\/Plakat-Poedelwitz-Adventskalender-1-8x12.png 8w\" sizes=\"(max-width: 1587px) 100vw, 1587px\" \/><\/figure>","protected":false},"excerpt":{"rendered":"<p>Das war\u2019s &#8211; wie jeder andere Adventskalender endet auch unserer am 24.12. Wozu der Spa\u00df? P\u00f6delwitz ist sch\u00f6n. P\u00f6delwitz ist leer. P\u00f6delwitz\u2018 Gegenwart ist verwoben in vielen Geschichten der Vergangenheit, dessen F\u00e4den auch die Zukunft pr\u00e4gen werden. Die F\u00e4den sind da, genauso wie die H\u00e4user mit ihren Geschichten da sind.Doch welches Werk aus ihnen wachsen [&hellip;]<\/p>\n","protected":false},"author":1,"featured_media":4431,"comment_status":"open","ping_status":"open","sticky":false,"template":"","format":"standard","meta":{"inline_featured_image":false,"footnotes":""},"categories":[1],"tags":[],"class_list":["post-4419","post","type-post","status-publish","format-standard","has-post-thumbnail","hentry","category-uncategorized"],"_links":{"self":[{"href":"https:\/\/www.poedelwitz.de\/de\/wp-json\/wp\/v2\/posts\/4419","targetHints":{"allow":["GET"]}}],"collection":[{"href":"https:\/\/www.poedelwitz.de\/de\/wp-json\/wp\/v2\/posts"}],"about":[{"href":"https:\/\/www.poedelwitz.de\/de\/wp-json\/wp\/v2\/types\/post"}],"author":[{"embeddable":true,"href":"https:\/\/www.poedelwitz.de\/de\/wp-json\/wp\/v2\/users\/1"}],"replies":[{"embeddable":true,"href":"https:\/\/www.poedelwitz.de\/de\/wp-json\/wp\/v2\/comments?post=4419"}],"version-history":[{"count":5,"href":"https:\/\/www.poedelwitz.de\/de\/wp-json\/wp\/v2\/posts\/4419\/revisions"}],"predecessor-version":[{"id":4429,"href":"https:\/\/www.poedelwitz.de\/de\/wp-json\/wp\/v2\/posts\/4419\/revisions\/4429"}],"wp:featuredmedia":[{"embeddable":true,"href":"https:\/\/www.poedelwitz.de\/de\/wp-json\/wp\/v2\/media\/4431"}],"wp:attachment":[{"href":"https:\/\/www.poedelwitz.de\/de\/wp-json\/wp\/v2\/media?parent=4419"}],"wp:term":[{"taxonomy":"category","embeddable":true,"href":"https:\/\/www.poedelwitz.de\/de\/wp-json\/wp\/v2\/categories?post=4419"},{"taxonomy":"post_tag","embeddable":true,"href":"https:\/\/www.poedelwitz.de\/de\/wp-json\/wp\/v2\/tags?post=4419"}],"curies":[{"name":"wp","href":"https:\/\/api.w.org\/{rel}","templated":true}]}}