{"id":4539,"date":"2023-03-17T16:25:00","date_gmt":"2023-03-17T15:25:00","guid":{"rendered":"https:\/\/www.poedelwitz.de\/?p=4539"},"modified":"2023-05-05T10:17:17","modified_gmt":"2023-05-05T08:17:17","slug":"23-blaue-stuehle-das-poedelwitzer-zukunftsgespraech-am-14-03","status":"publish","type":"post","link":"https:\/\/www.poedelwitz.de\/de\/23-blaue-stuehle-das-poedelwitzer-zukunftsgespraech-am-14-03","title":{"rendered":"23 blaue St\u00fchle: Das P\u00f6delwitzer Zukunftsgespr\u00e4ch am 14.03."},"content":{"rendered":"\n<p class=\"has-medium-font-size\"><em>Wenn 23 blaue St\u00fchle im P\u00f6delwitzer B\u00fcrger:innen-Haus im Kreis stehen, ist der Raum bis in alle Ecken ausgef\u00fcllt.<\/em><\/p>\n\n\n\n<p>Etwa 20 Menschen kamen am 14.03.2023 zum P\u00f6delwitzer Zukunftsgespr\u00e4ch zusammen: Sieben Bewohner*Innen aus P\u00f6delwitz (f\u00fcnf Alteingessessene, zwei Zugezogene), Friederike Kaltofen (Pfarrerin Gemeinde Groitzsch), Thomas Meckel (B\u00fcrgermeister Neukieritzsch), Peter B\u00f6hmer und Thomas Lache (Gesch\u00e4ftsleitung und Vertreter des Inklusionsbetriebes SEB), Anna Funke-Gradulewski (Inklusionsbeauftragte des Landkreises Leipzig), Diane Apitz (Kreisr\u00e4tin im Landkreis Leipzig), Dietmar Sch\u00e4fer (Naturfreunde- und Heimatverein Groitzsch e.V.), Isabella Pei\u00dfker (Stabsstelle des Landrates Wirtschaftsf\u00f6rderung\/Kreisentwicklung), Thomas Langbehn (Biologe bei dem NABU zu Biodiversit\u00e4t arbeitend), Conny (Vetreterin des B\u00fcndnisses Alle D\u00f6rfer bleiben Halle-Leipziger Land), Andreas Rauhut (Gesch\u00e4ftsleitung Kinder- und Jugendring Landkreis Leipzig e.V.), Dr. Markus B\u00f6s (Strukturwandelinstitut Martin-Luther-Universit\u00e4t Halle-Wittenberg), Nora Mittelst\u00e4dt (Vorstand P\u00f6delwitz hat Zukunft e.V.) und Anne-Kathrin Lenarth (Mitglied P\u00f6delwitz hat Zukunft e.V.).<\/p>\n\n\n\n<p>4 blaue St\u00fchle des B\u00fcrger*Innenhauses blieben wegen kurzfristiger Absagen bzw. sogar trotz Zusage leer: MIBRAG (die Eigent\u00fcmerin von 80% der Geb\u00e4ude im Dorf), Thomas Hellriegel (Gesch\u00e4ftsf\u00fchrer der neu gegr\u00fcndeten Strukurwandelgesellschaft StEG), Maik Kunze (B\u00fcrgermeister Groitzsch) und Henry Graichen (Landrat Landkreis Leipzig).<\/p>\n\n\n\n<p>Eingeladen haben die Vereinsmitglieder des Vereins P\u00f6delwitz hat Zukunft e.V. im Rahmen der F\u00f6rderung \u201eOrte der Demokratie\u201c. Es moderierte von extern Dr. Ruth Sander.<\/p>\n\n\n\n<p>Trotz fehlender politischer Vertretung ist ein breiter und lebendiger Austausch gelungen: Zum einen \u00fcber die pers\u00f6nlichen und fachlichen Verbindungen mit P\u00f6delwitz, zum anderen \u00fcber Ankn\u00fcpfungspunkte und m\u00f6gliche Beitr\u00e4ge f\u00fcr eine Dorfentwicklung im Interesse vieler.<\/p>\n\n\n\n<p>Es fand unter anderem eine lebhafte Debatte \u00fcber die Chancen und Risiken eines betreuten Wohnens inmitten des Dorfes und einer dementsprechend inklusiven Dorfgestaltung und -organisation statt. Einzelne Visionen f\u00fcr die Zukunft des Dorfes wurden dank der Expertise der Anwesenden \u00fcberpr\u00fcft und mit Ideen erweitert: Wie w\u00e4re es, wenn gro\u00dfe Werkzeuge geteilt, R\u00e4ume mehrfach genutzt w\u00fcrden oder ein Campingplatz an der Tagebaukante entst\u00fcnde?<\/p>\n\n\n\n<p>Vor \u00fcber zwei Jahren w\u00fcrde verk\u00fcndet, dass P\u00f6delwitz bleibt. Seit dem ist die Wiederbelebung des Dorfes noch nicht in Fahrt gekommen. Das Zukunftsgespr\u00e4ch ist vor diesem Hintergrund ein guter Auftakt, der zeigt, wie eine lebendige Demokratie aussehen kann und welche Gestaltungsimpulse und -kr\u00e4fte bei den Menschen liegen. Daf\u00fcr geh\u00f6ren sie an einen Tisch, auch um mitzuentscheiden, was sie betrifft.<\/p>\n\n\n\n<p>Als Vereinsmitglieder freuen wir uns auf weitere Gespr\u00e4che mit relevanten Akteur*Innen und auf eine gemeinsame Planung. Wie sie mit einem Unternehmen wie der MIBRAG gelingt, das haupts\u00e4chlich einer Aktiengesellschaft (EPH) unterliegt, ist eine gro\u00dfe Frage. K\u00f6nnen ihre Gewinninteressen und die Anforderung Rendite zu erzielen, mit reellen Bed\u00fcrfnissen der Menschen in Verbindung gebracht werden? Wessen Bed\u00fcrfnisse w\u00fcrde sie dort auf dem leeren blauen Stuhl neben mir vertreten?<\/p>\n\n\n\n<p>Das ist eine gro\u00dfe Frage f\u00fcr die lebendige Demokratie hier vor Ort, in der Region und in der Gesellschaft.<\/p>\n\n\n<div class=\"wp-block-image\">\n<figure class=\"aligncenter size-large is-resized\"><img decoding=\"async\" src=\"https:\/\/www.poedelwitz.de\/wp-content\/uploads\/2022\/07\/Zukunftsforum_Abbildungsdatei-1024x286.png\" alt=\"\" class=\"wp-image-4221\" width=\"500\" srcset=\"https:\/\/www.poedelwitz.de\/wp-content\/uploads\/2022\/07\/Zukunftsforum_Abbildungsdatei-1024x286.png 1024w, https:\/\/www.poedelwitz.de\/wp-content\/uploads\/2022\/07\/Zukunftsforum_Abbildungsdatei-300x84.png 300w, https:\/\/www.poedelwitz.de\/wp-content\/uploads\/2022\/07\/Zukunftsforum_Abbildungsdatei-768x214.png 768w, https:\/\/www.poedelwitz.de\/wp-content\/uploads\/2022\/07\/Zukunftsforum_Abbildungsdatei-1600x446.png 1600w, https:\/\/www.poedelwitz.de\/wp-content\/uploads\/2022\/07\/Zukunftsforum_Abbildungsdatei-1536x429.png 1536w, https:\/\/www.poedelwitz.de\/wp-content\/uploads\/2022\/07\/Zukunftsforum_Abbildungsdatei-18x5.png 18w, https:\/\/www.poedelwitz.de\/wp-content\/uploads\/2022\/07\/Zukunftsforum_Abbildungsdatei.png 1785w\" sizes=\"(max-width: 1024px) 100vw, 1024px\" \/><\/figure>\n<\/div>","protected":false},"excerpt":{"rendered":"<p>Zusammen mit Dorfbewohner*innen und Personen aus der regionalen Zivilgesellschaft und Politik haben wir uns \u00fcber die Zukunft von P\u00f6delwitz unterhalten. Eine spannende Runde mit lebhaften Diskussionen.<\/p>\n","protected":false},"author":11,"featured_media":4542,"comment_status":"closed","ping_status":"open","sticky":false,"template":"","format":"standard","meta":{"inline_featured_image":false,"footnotes":""},"categories":[1],"tags":[],"class_list":["post-4539","post","type-post","status-publish","format-standard","has-post-thumbnail","hentry","category-uncategorized"],"_links":{"self":[{"href":"https:\/\/www.poedelwitz.de\/de\/wp-json\/wp\/v2\/posts\/4539","targetHints":{"allow":["GET"]}}],"collection":[{"href":"https:\/\/www.poedelwitz.de\/de\/wp-json\/wp\/v2\/posts"}],"about":[{"href":"https:\/\/www.poedelwitz.de\/de\/wp-json\/wp\/v2\/types\/post"}],"author":[{"embeddable":true,"href":"https:\/\/www.poedelwitz.de\/de\/wp-json\/wp\/v2\/users\/11"}],"replies":[{"embeddable":true,"href":"https:\/\/www.poedelwitz.de\/de\/wp-json\/wp\/v2\/comments?post=4539"}],"version-history":[{"count":5,"href":"https:\/\/www.poedelwitz.de\/de\/wp-json\/wp\/v2\/posts\/4539\/revisions"}],"predecessor-version":[{"id":4674,"href":"https:\/\/www.poedelwitz.de\/de\/wp-json\/wp\/v2\/posts\/4539\/revisions\/4674"}],"wp:featuredmedia":[{"embeddable":true,"href":"https:\/\/www.poedelwitz.de\/de\/wp-json\/wp\/v2\/media\/4542"}],"wp:attachment":[{"href":"https:\/\/www.poedelwitz.de\/de\/wp-json\/wp\/v2\/media?parent=4539"}],"wp:term":[{"taxonomy":"category","embeddable":true,"href":"https:\/\/www.poedelwitz.de\/de\/wp-json\/wp\/v2\/categories?post=4539"},{"taxonomy":"post_tag","embeddable":true,"href":"https:\/\/www.poedelwitz.de\/de\/wp-json\/wp\/v2\/tags?post=4539"}],"curies":[{"name":"wp","href":"https:\/\/api.w.org\/{rel}","templated":true}]}}