{"id":4632,"date":"2023-04-18T16:02:45","date_gmt":"2023-04-18T14:02:45","guid":{"rendered":"https:\/\/www.poedelwitz.de\/?p=4632"},"modified":"2025-03-31T13:03:19","modified_gmt":"2025-03-31T11:03:19","slug":"kraeutergarten-workshop-start-in-die-neue-saison","status":"publish","type":"post","link":"https:\/\/www.poedelwitz.de\/de\/kraeutergarten-workshop-start-in-die-neue-saison","title":{"rendered":"Kr\u00e4utergarten-Workshop: Start in die neue Saison"},"content":{"rendered":"\n<p>Gar nicht trocken war unser Modul III zum Trockenmauerbau. Die Theorie wurde von Andr\u00e9 Freymann (Wilde Kr\u00e4uterey Leipzig) und Kristin H\u00e4user anschaulich vermittelt und die Praxis war, nun ja, in gro\u00dfen Teilen eher pitschnass vom April-Regen. Mit den Gummistiefeln tief im Schlamm steckend f\u00fchlte sich der eine oder die andere an Szenen aus L\u00fctzerath erinnert..! <\/p>\n\n\n\n<p>Wir haben trotzdem viel geschafft und unsere Duftbeet-Sitzecke ist zu einem pr\u00e4genden Element unserer sch\u00f6nen Bl\u00fchwiese geworden. Das Senkbeet wurde eingefasst und mit schon bald duftend bl\u00fchenden Blumen bepflanzt, die sich \u00fcber die wassergetr\u00e4nkte Erde nat\u00fcrlich sehr freuten.<\/p>\n\n\n\n<p>Zum Kuchensonntag am 14.5. wollen wir gemeinsam die Trockenmauer fertigstellen und mit einem Kaffee in der Hand und Sonne im Gesicht das \"Gras-Sofa\" einweihen - sei gern dabei!<\/p>\n\n\n\n<figure class=\"wp-block-image size-large is-resized\"><img decoding=\"async\" width=\"1024\" height=\"768\" src=\"https:\/\/www.poedelwitz.de\/wp-content\/uploads\/2023\/04\/photo_2023-04-18_15-44-37-1024x768.jpg\" alt=\"\" class=\"wp-image-4638\" style=\"width:665px;height:499px\" srcset=\"https:\/\/www.poedelwitz.de\/wp-content\/uploads\/2023\/04\/photo_2023-04-18_15-44-37-1024x768.jpg 1024w, https:\/\/www.poedelwitz.de\/wp-content\/uploads\/2023\/04\/photo_2023-04-18_15-44-37-300x225.jpg 300w, https:\/\/www.poedelwitz.de\/wp-content\/uploads\/2023\/04\/photo_2023-04-18_15-44-37-768x576.jpg 768w, https:\/\/www.poedelwitz.de\/wp-content\/uploads\/2023\/04\/photo_2023-04-18_15-44-37-16x12.jpg 16w, https:\/\/www.poedelwitz.de\/wp-content\/uploads\/2023\/04\/photo_2023-04-18_15-44-37.jpg 1280w\" sizes=\"(max-width: 1024px) 100vw, 1024px\" \/><\/figure>\n","protected":false},"excerpt":{"rendered":"<p>Gar nicht trocken war unser Modul III zum Trockenmauerbau. Die Theorie wurde von Andr\u00e9 Freymann (Wilde Kr\u00e4uterey Leipzig) und Kristin H\u00e4user anschaulich vermittelt und die Praxis war, nun ja, in gro\u00dfen Teilen eher pitschnass vom April-Regen. Mit den Gummistiefeln tief im Schlamm steckend f\u00fchlte sich der eine oder die andere an Szenen aus L\u00fctzerath erinnert..! [&hellip;]<\/p>\n","protected":false},"author":16,"featured_media":4633,"comment_status":"open","ping_status":"open","sticky":false,"template":"","format":"standard","meta":{"inline_featured_image":false,"footnotes":""},"categories":[1],"tags":[],"class_list":["post-4632","post","type-post","status-publish","format-standard","has-post-thumbnail","hentry","category-uncategorized"],"_links":{"self":[{"href":"https:\/\/www.poedelwitz.de\/de\/wp-json\/wp\/v2\/posts\/4632","targetHints":{"allow":["GET"]}}],"collection":[{"href":"https:\/\/www.poedelwitz.de\/de\/wp-json\/wp\/v2\/posts"}],"about":[{"href":"https:\/\/www.poedelwitz.de\/de\/wp-json\/wp\/v2\/types\/post"}],"author":[{"embeddable":true,"href":"https:\/\/www.poedelwitz.de\/de\/wp-json\/wp\/v2\/users\/16"}],"replies":[{"embeddable":true,"href":"https:\/\/www.poedelwitz.de\/de\/wp-json\/wp\/v2\/comments?post=4632"}],"version-history":[{"count":11,"href":"https:\/\/www.poedelwitz.de\/de\/wp-json\/wp\/v2\/posts\/4632\/revisions"}],"predecessor-version":[{"id":5693,"href":"https:\/\/www.poedelwitz.de\/de\/wp-json\/wp\/v2\/posts\/4632\/revisions\/5693"}],"wp:featuredmedia":[{"embeddable":true,"href":"https:\/\/www.poedelwitz.de\/de\/wp-json\/wp\/v2\/media\/4633"}],"wp:attachment":[{"href":"https:\/\/www.poedelwitz.de\/de\/wp-json\/wp\/v2\/media?parent=4632"}],"wp:term":[{"taxonomy":"category","embeddable":true,"href":"https:\/\/www.poedelwitz.de\/de\/wp-json\/wp\/v2\/categories?post=4632"},{"taxonomy":"post_tag","embeddable":true,"href":"https:\/\/www.poedelwitz.de\/de\/wp-json\/wp\/v2\/tags?post=4632"}],"curies":[{"name":"wp","href":"https:\/\/api.w.org\/{rel}","templated":true}]}}