{"id":4787,"date":"2023-08-04T22:51:38","date_gmt":"2023-08-04T20:51:38","guid":{"rendered":"https:\/\/www.poedelwitz.de\/?p=4787"},"modified":"2023-08-11T13:37:24","modified_gmt":"2023-08-11T11:37:24","slug":"die-saechsische-justizministerin-besucht-poedelwitz","status":"publish","type":"post","link":"https:\/\/www.poedelwitz.de\/de\/die-saechsische-justizministerin-besucht-poedelwitz","title":{"rendered":"Die s\u00e4chsische Justizministerin besucht P\u00f6delwitz"},"content":{"rendered":"\n<p>Anl\u00e4sslich ihrer Sommertour besuchte die S\u00e4chsische Justizministerin Katja Meier unser Dorf, unter Anderem um sich \u00fcber den Stand des F\u00f6rderprojektes (Orte der Demokratie) zu erkundigen. Sie selbst hatte damals gegen die Abbaggerung an der Tagebaukante demonstriert.<\/p>\n\n\n\n<p>Was wurde mit dem Geld bereits erreicht? Und welche H\u00fcrden stellen sich in der Vereins- und Demokratiearbeit? <br>Blicken wir zur\u00fcck, ist die Liste des Geschafften lang und vielseitig. Wir berichteten von den vielen Veranstaltungen, dem Reparatur-Cafe und den regelm\u00e4\u00dfigen Kuchensonntagen, die Anlass f\u00fcr Austausch und Zusammenkommen sind, den Dorfversammlungen, dem gemeinschaftlich entstandenen Kr\u00e4utergarten, aber auch den Vernetzungen sowohl mit Vereinen und Initiativen aus der Gemeinde, als auch B\u00fcrgermeistern anderer Kohleregionen. Aber neben all den Treffen, Events und Aktionen ist auch das lockere Gespr\u00e4ch am Gartenzaun wichtig, um die Sichtweisen der Menschen vor Ort in die Dorfgestaltung zu holen. Katja Meier betonte den gro\u00dfen Wert und die Verantwortung des Vereins f\u00fcr die Einbindung der Dorfbewohner*innen, damit nicht \u00fcber die K\u00f6pfe der Leute hinweg entschieden wird. Genauso wichtig sei es, auch in der Kommunalpolitik Mehrheiten f\u00fcr die Nutzungsideen zu gewinnen.<\/p>\n\n\n\n<figure class=\"wp-block-gallery has-nested-images columns-default is-cropped wp-block-gallery-1 is-layout-flex wp-block-gallery-is-layout-flex\"><\/figure>\n\n\n\n<p>Beim anschlie\u00dfenden Rundgang durch das Dorf, neben br\u00f6ckelnden Fassaden und \u00fcberwucherten H\u00f6fen, zeigten sich jedoch die gro\u00dfen L\u00fccken, die noch \u00fcberwunden werden m\u00fcssen, um die Ideen f\u00fcr den Leerstand Wirklichkeit werden zu lassen. Zwar beginnt im September die offizielle Arbeit an einem Dorfentwicklungskonzept unter Beteiligung der Anwohner*innen, des Vereins und der Eigent\u00fcmerin MIBRAG. Doch es ist recht wahrscheinlich, dass dieser Prozess viel Zeit beansprucht. W\u00e4hrenddessen zerfallen weiterhin die D\u00e4cher und Fassaden von H\u00e4usern, in denen Menschen wohnen k\u00f6nnten.<\/p>\n\n\n\n<p>F\u00fcr unsere Arbeit rund um die Wiederbesiedelung in P\u00f6delwitz ist die finanzielle Unterst\u00fctzung durch das \u201eOrte der Demokratie\u201c Programm jedenfalls unabdingbar. Deswegen m\u00f6chten wir uns f\u00fcr diese Form der Unterst\u00fctzung, als auch den Besuch und die angeregten Gespr\u00e4che an diesem Tag sehr bedanken.<\/p>\n\n\n\n<figure class=\"wp-block-gallery has-nested-images columns-default is-cropped wp-block-gallery-2 is-layout-flex wp-block-gallery-is-layout-flex\"><\/figure>\n\n\n\n<p><\/p>\n","protected":false},"excerpt":{"rendered":"<p>Am vergangenen Samstag feierten wir das einj\u00e4hrige Jubil\u00e4um als Ort der Demokratie in P\u00f6delwitz. Da P\u00f6delwitz und seine Strukturwandelangelegenheiten viele bewegt und betrifft, haben wir ein buntes Publikum eingeladen. Sie alle verbinden Anliegen rund um P\u00f6delwitz.<\/p>\n","protected":false},"author":22,"featured_media":4790,"comment_status":"open","ping_status":"open","sticky":false,"template":"","format":"standard","meta":{"inline_featured_image":false,"footnotes":""},"categories":[1],"tags":[],"class_list":["post-4787","post","type-post","status-publish","format-standard","has-post-thumbnail","hentry","category-uncategorized"],"_links":{"self":[{"href":"https:\/\/www.poedelwitz.de\/de\/wp-json\/wp\/v2\/posts\/4787","targetHints":{"allow":["GET"]}}],"collection":[{"href":"https:\/\/www.poedelwitz.de\/de\/wp-json\/wp\/v2\/posts"}],"about":[{"href":"https:\/\/www.poedelwitz.de\/de\/wp-json\/wp\/v2\/types\/post"}],"author":[{"embeddable":true,"href":"https:\/\/www.poedelwitz.de\/de\/wp-json\/wp\/v2\/users\/22"}],"replies":[{"embeddable":true,"href":"https:\/\/www.poedelwitz.de\/de\/wp-json\/wp\/v2\/comments?post=4787"}],"version-history":[{"count":5,"href":"https:\/\/www.poedelwitz.de\/de\/wp-json\/wp\/v2\/posts\/4787\/revisions"}],"predecessor-version":[{"id":4805,"href":"https:\/\/www.poedelwitz.de\/de\/wp-json\/wp\/v2\/posts\/4787\/revisions\/4805"}],"wp:featuredmedia":[{"embeddable":true,"href":"https:\/\/www.poedelwitz.de\/de\/wp-json\/wp\/v2\/media\/4790"}],"wp:attachment":[{"href":"https:\/\/www.poedelwitz.de\/de\/wp-json\/wp\/v2\/media?parent=4787"}],"wp:term":[{"taxonomy":"category","embeddable":true,"href":"https:\/\/www.poedelwitz.de\/de\/wp-json\/wp\/v2\/categories?post=4787"},{"taxonomy":"post_tag","embeddable":true,"href":"https:\/\/www.poedelwitz.de\/de\/wp-json\/wp\/v2\/tags?post=4787"}],"curies":[{"name":"wp","href":"https:\/\/api.w.org\/{rel}","templated":true}]}}