{"id":4825,"date":"2023-09-20T14:42:12","date_gmt":"2023-09-20T12:42:12","guid":{"rendered":"https:\/\/www.poedelwitz.de\/?p=4825"},"modified":"2025-03-31T14:33:03","modified_gmt":"2025-03-31T12:33:03","slug":"ein-rueckblick-unser-fest-der-gemeingueter","status":"publish","type":"post","link":"https:\/\/www.poedelwitz.de\/de\/ein-rueckblick-unser-fest-der-gemeingueter","title":{"rendered":"Ein R\u00fcckblick: Unser Fest der Gemeing\u00fcter"},"content":{"rendered":"\n<p>\u00c4pfel und Birnen fallen in voller Reife von den vielen Obstb\u00e4umen in P\u00f6delwitz. Diesen Moment des Jahres wollen wir gemeinsam zelebrieren, da es pro Anwohner*in in P\u00f6delwitz ungef\u00e4hr je 10 Obstb\u00e4ume g\u00e4be. Hier ein kurzer Ein-und R\u00fcckblick in einen bunten Tag im P\u00f6delwitzer Sp\u00e4tsommer. Unser Erntedankfest am 17. September war ein Fest rund um die Gemeing\u00fcter, auch Commons genannt. Gemeing\u00fcter sind Ressourcen, Dinge, Orte, Wissen die in einer gro\u00dfen oder kleinen Gemeinschaft geteilt werden. Gemeing\u00fcter sind zug\u00e4nglich und in geteilter Verantwortung verwaltet. Wieso ein Fest der Gemeing\u00fcter in P\u00f6delwitz? In unserer Vision f\u00fcr P\u00f6delwitz ist eine Dorfgemeinschaft lebendig, die f\u00fcreinander Sorge tr\u00e4gt, also in der ein \u201eMiteinander\u201c anstelle von einem \u201eAneinander vorbei\u201c praktiziert wird. Wenn also Ressourcen jeglicher Art geteilt werden, k\u00f6nnen Menschen sich praktisch unterst\u00fctzten und die Bed\u00fcrfnisse Einzelner innerhalb der Dorfgemeinschaft k\u00f6nnen im Dorf selbst befriedigt werden.<\/p>\n\n\n\n<p>So sch\u00f6n, so gut. Aktuell probieren wir uns an ersten Gemeing\u00fctern im Dorf, zum Beispiel das Dorfgemeinschaftshaus f\u00fcr Veranstaltungen und Coworking, die frisch gepflanzten Obstb\u00e4ume, der neu entstandene Kr\u00e4utergarten. Der Kr\u00e4utergarten ist Ergebnis des einj\u00e4hrigen Kr\u00e4utergartenworkshops gemeinsam mit der <a href=\"https:\/\/www.wildekraeuterey.de\/\">Wilden Kr\u00e4uterey<\/a> aus Leipzig. Zum Erntedankfest haben wir den Garten eingeweiht, Kr\u00e4uter geerntet und verarbeitet.<\/p>\n\n\n\n<p>Was passierte noch an diesem Tag? Mit dem Erntedankgottesdienst begann das Fest. Die <a href=\"https:\/\/www.kirchgemeinde-groitzsch.de\/\">Kirchgemeinde Groitzsch<\/a> spielte eine zentrale Rolle im Widerstand gegen die Abbaggerung des Dorfes. Auch heute ist die Kirchgemeinde mit ihrer Pfarrerin in die Prozesse rund um die Wiederbesiedelung von P\u00f6delwitz involviert.<\/p>\n\n\n\n<p>Zur\u00fcck zum Fest: Nach dem Gottesdienst gab es selbstgemachte Gnocchi mit P\u00f6delwitzer Birnen, Obst konnte mit einer Saftpresse verarbeitet werden oder und das Smoothie-Fahrrad hat leckere Getr\u00e4nke hergestellt. Mittags fand ein Rundgang durchs Dorf statt, bei dem die Gemeing\u00fctern der Vergangenheit, Gegenwart und Zukunft erkl\u00e4rt zu vorstellt wurden. Klein und Gro\u00df konnten H\u00e4user aus Lehm modellieren, so wie sie hier eines Tages bewohnt sein k\u00f6nnten. Bemalte Stra\u00dfen und eine offene Selbsthilfe-Fahrradwerkstatt verk\u00f6rpern einen Moment der Lebendigkeit. Das Dorfgemeinschaftshaus hat zum H\u00f6ren und Lesen eingeladen \u2013 auch unser<a href=\"https:\/\/www.poedelwitz.de\/de\/2023\/06\/09\/poedelwitz-auf-die-ohren\/\"> Podcast<\/a> \u00fcber die Prozesse in und um P\u00f6delwitz wurde gespielt. Der <a href=\"https:\/\/www.groitzsch-buergerverein.de\/m%C3%BChlenchor\/\" title=\"\">M\u00fchlenchor Groitzsch<\/a> hat in der P\u00f6delwitzer Kirche das Publikum in den Bann gezogen und zum gem\u00fctlichen Ausklang gab es Musik (unter anderem von <a href=\"https:\/\/yala.bandcamp.com\/album\/tragen-treiben\">Yala<\/a>) und dazu lecker Obstkuchen vom <em>Ge:B\u00e4ck<\/em> aus Leipzig.<\/p>\n\n\n\n<p>Wir danken Allen, die einen Teil zu diesem Fest beigetragen haben und damit das Gemeingut hier in P\u00f6delwitz erlebbar gemacht haben.<\/p>\n\n\n\n<p>Das Fest wurde teilfinanziert von der abriporta Stiftung und Land in Sicht e.V., auch einen gro\u00dfen Dank daf\u00fcr!<\/p>\n\n\n\n<figure class=\"wp-block-image size-large is-resized\"><img decoding=\"async\" width=\"1024\" height=\"928\" src=\"https:\/\/www.poedelwitz.de\/wp-content\/uploads\/2022\/11\/abriporta_Hauptlogo_RGB-1024x928.jpg\" alt=\"\" class=\"wp-image-4816\" style=\"width:171px;height:155px\" srcset=\"https:\/\/www.poedelwitz.de\/wp-content\/uploads\/2022\/11\/abriporta_Hauptlogo_RGB-1024x928.jpg 1024w, https:\/\/www.poedelwitz.de\/wp-content\/uploads\/2022\/11\/abriporta_Hauptlogo_RGB-300x272.jpg 300w, https:\/\/www.poedelwitz.de\/wp-content\/uploads\/2022\/11\/abriporta_Hauptlogo_RGB-768x696.jpg 768w, https:\/\/www.poedelwitz.de\/wp-content\/uploads\/2022\/11\/abriporta_Hauptlogo_RGB-1536x1392.jpg 1536w, https:\/\/www.poedelwitz.de\/wp-content\/uploads\/2022\/11\/abriporta_Hauptlogo_RGB-13x12.jpg 13w, https:\/\/www.poedelwitz.de\/wp-content\/uploads\/2022\/11\/abriporta_Hauptlogo_RGB.jpg 1576w\" sizes=\"(max-width: 1024px) 100vw, 1024px\" \/><\/figure>\n\n\n\n<figure class=\"wp-block-image size-full is-resized\"><img decoding=\"async\" width=\"414\" height=\"316\" src=\"https:\/\/www.poedelwitz.de\/wp-content\/uploads\/2022\/11\/Land-in-Sicht_Logo.png\" alt=\"\" class=\"wp-image-4815\" style=\"width:173px;height:132px\" srcset=\"https:\/\/www.poedelwitz.de\/wp-content\/uploads\/2022\/11\/Land-in-Sicht_Logo.png 414w, https:\/\/www.poedelwitz.de\/wp-content\/uploads\/2022\/11\/Land-in-Sicht_Logo-300x229.png 300w, https:\/\/www.poedelwitz.de\/wp-content\/uploads\/2022\/11\/Land-in-Sicht_Logo-16x12.png 16w\" sizes=\"(max-width: 414px) 100vw, 414px\" \/><\/figure>\n\n\n\n<div class=\"wp-block-getwid-images-slider has-cropped-images has-arrows-inside has-dots-inside has-images-center has-cropped-images\"><div class=\"wp-block-getwid-images-slider__wrapper\" data-effect=\"slide\" data-slides-show=\"1\" data-slides-show-laptop=\"1\" data-slides-show-tablet=\"1\" data-slides-show-mobile=\"1\" data-slides-scroll=\"1\" data-autoplay=\"false\" data-autoplay-speed=\"6000\" data-infinite=\"true\" data-animation-speed=\"800\" data-center-mode=\"false\" data-variable-width=\"false\" data-arrows=\"inside\" data-dots=\"inside\" data-spacing=\"none\"><div class=\"wp-block-getwid-images-slider__item\"><figure><img decoding=\"async\" width=\"2048\" height=\"1365\" src=\"https:\/\/www.poedelwitz.de\/wp-content\/uploads\/2023\/10\/essbaresDorf_Apfelernte2.jpg\" data-id=\"4842\" data-link=\"https:\/\/www.poedelwitz.de\/de\/2023\/09\/20\/ein-rueckblick-unser-fest-der-gemeingueter\/essbaresdorf_apfelernte2\/\" data-original-link=\"https:\/\/www.poedelwitz.de\/wp-content\/uploads\/2023\/10\/essbaresDorf_Apfelernte2.jpg\" class=\"wp-block-getwid-images-slider__image wp-image-4842\" srcset=\"https:\/\/www.poedelwitz.de\/wp-content\/uploads\/2023\/10\/essbaresDorf_Apfelernte2.jpg 2048w, https:\/\/www.poedelwitz.de\/wp-content\/uploads\/2023\/10\/essbaresDorf_Apfelernte2-300x200.jpg 300w, https:\/\/www.poedelwitz.de\/wp-content\/uploads\/2023\/10\/essbaresDorf_Apfelernte2-1024x683.jpg 1024w, https:\/\/www.poedelwitz.de\/wp-content\/uploads\/2023\/10\/essbaresDorf_Apfelernte2-768x512.jpg 768w, https:\/\/www.poedelwitz.de\/wp-content\/uploads\/2023\/10\/essbaresDorf_Apfelernte2-1600x1066.jpg 1600w, https:\/\/www.poedelwitz.de\/wp-content\/uploads\/2023\/10\/essbaresDorf_Apfelernte2-1536x1024.jpg 1536w, https:\/\/www.poedelwitz.de\/wp-content\/uploads\/2023\/10\/essbaresDorf_Apfelernte2-18x12.jpg 18w, https:\/\/www.poedelwitz.de\/wp-content\/uploads\/2023\/10\/essbaresDorf_Apfelernte2-1200x800.jpg 1200w, https:\/\/www.poedelwitz.de\/wp-content\/uploads\/2023\/10\/essbaresDorf_Apfelernte2-930x620.jpg 930w\" sizes=\"(max-width: 2048px) 100vw, 2048px\" \/><\/figure><\/div><div class=\"wp-block-getwid-images-slider__item\"><figure><img decoding=\"async\" width=\"2048\" height=\"1365\" src=\"https:\/\/www.poedelwitz.de\/wp-content\/uploads\/2023\/10\/MF_02126.jpg\" data-id=\"4841\" data-link=\"https:\/\/www.poedelwitz.de\/de\/2023\/09\/20\/ein-rueckblick-unser-fest-der-gemeingueter\/mf_02126\/\" data-original-link=\"https:\/\/www.poedelwitz.de\/wp-content\/uploads\/2023\/10\/MF_02126.jpg\" class=\"wp-block-getwid-images-slider__image wp-image-4841\" srcset=\"https:\/\/www.poedelwitz.de\/wp-content\/uploads\/2023\/10\/MF_02126.jpg 2048w, https:\/\/www.poedelwitz.de\/wp-content\/uploads\/2023\/10\/MF_02126-300x200.jpg 300w, https:\/\/www.poedelwitz.de\/wp-content\/uploads\/2023\/10\/MF_02126-1024x683.jpg 1024w, https:\/\/www.poedelwitz.de\/wp-content\/uploads\/2023\/10\/MF_02126-768x512.jpg 768w, https:\/\/www.poedelwitz.de\/wp-content\/uploads\/2023\/10\/MF_02126-1600x1066.jpg 1600w, https:\/\/www.poedelwitz.de\/wp-content\/uploads\/2023\/10\/MF_02126-1536x1024.jpg 1536w, https:\/\/www.poedelwitz.de\/wp-content\/uploads\/2023\/10\/MF_02126-18x12.jpg 18w, https:\/\/www.poedelwitz.de\/wp-content\/uploads\/2023\/10\/MF_02126-1200x800.jpg 1200w, https:\/\/www.poedelwitz.de\/wp-content\/uploads\/2023\/10\/MF_02126-930x620.jpg 930w\" sizes=\"(max-width: 2048px) 100vw, 2048px\" \/><\/figure><\/div><div class=\"wp-block-getwid-images-slider__item\"><figure><img decoding=\"async\" width=\"2048\" height=\"1365\" src=\"https:\/\/www.poedelwitz.de\/wp-content\/uploads\/2023\/10\/MF_02025.jpg\" data-id=\"4840\" data-link=\"https:\/\/www.poedelwitz.de\/de\/2023\/09\/20\/ein-rueckblick-unser-fest-der-gemeingueter\/mf_02025\/\" data-original-link=\"https:\/\/www.poedelwitz.de\/wp-content\/uploads\/2023\/10\/MF_02025.jpg\" class=\"wp-block-getwid-images-slider__image wp-image-4840\" srcset=\"https:\/\/www.poedelwitz.de\/wp-content\/uploads\/2023\/10\/MF_02025.jpg 2048w, https:\/\/www.poedelwitz.de\/wp-content\/uploads\/2023\/10\/MF_02025-300x200.jpg 300w, https:\/\/www.poedelwitz.de\/wp-content\/uploads\/2023\/10\/MF_02025-1024x683.jpg 1024w, https:\/\/www.poedelwitz.de\/wp-content\/uploads\/2023\/10\/MF_02025-768x512.jpg 768w, https:\/\/www.poedelwitz.de\/wp-content\/uploads\/2023\/10\/MF_02025-1600x1066.jpg 1600w, https:\/\/www.poedelwitz.de\/wp-content\/uploads\/2023\/10\/MF_02025-1536x1024.jpg 1536w, https:\/\/www.poedelwitz.de\/wp-content\/uploads\/2023\/10\/MF_02025-18x12.jpg 18w, https:\/\/www.poedelwitz.de\/wp-content\/uploads\/2023\/10\/MF_02025-1200x800.jpg 1200w, https:\/\/www.poedelwitz.de\/wp-content\/uploads\/2023\/10\/MF_02025-930x620.jpg 930w\" sizes=\"(max-width: 2048px) 100vw, 2048px\" \/><\/figure><\/div><div class=\"wp-block-getwid-images-slider__item\"><figure><img decoding=\"async\" width=\"1365\" height=\"2048\" src=\"https:\/\/www.poedelwitz.de\/wp-content\/uploads\/2023\/10\/MF_01993.jpg\" data-id=\"4839\" data-link=\"https:\/\/www.poedelwitz.de\/de\/2023\/09\/20\/ein-rueckblick-unser-fest-der-gemeingueter\/mf_01993\/\" data-original-link=\"https:\/\/www.poedelwitz.de\/wp-content\/uploads\/2023\/10\/MF_01993.jpg\" class=\"wp-block-getwid-images-slider__image wp-image-4839\" srcset=\"https:\/\/www.poedelwitz.de\/wp-content\/uploads\/2023\/10\/MF_01993.jpg 1365w, https:\/\/www.poedelwitz.de\/wp-content\/uploads\/2023\/10\/MF_01993-200x300.jpg 200w, https:\/\/www.poedelwitz.de\/wp-content\/uploads\/2023\/10\/MF_01993-683x1024.jpg 683w, https:\/\/www.poedelwitz.de\/wp-content\/uploads\/2023\/10\/MF_01993-768x1152.jpg 768w, https:\/\/www.poedelwitz.de\/wp-content\/uploads\/2023\/10\/MF_01993-1024x1536.jpg 1024w, https:\/\/www.poedelwitz.de\/wp-content\/uploads\/2023\/10\/MF_01993-8x12.jpg 8w, https:\/\/www.poedelwitz.de\/wp-content\/uploads\/2023\/10\/MF_01993-600x900.jpg 600w\" sizes=\"(max-width: 1365px) 100vw, 1365px\" \/><\/figure><\/div><div class=\"wp-block-getwid-images-slider__item\"><figure><img decoding=\"async\" width=\"2048\" height=\"1365\" src=\"https:\/\/www.poedelwitz.de\/wp-content\/uploads\/2023\/10\/MF_01962.jpg\" data-id=\"4838\" data-link=\"https:\/\/www.poedelwitz.de\/de\/2023\/09\/20\/ein-rueckblick-unser-fest-der-gemeingueter\/mf_01962\/\" data-original-link=\"https:\/\/www.poedelwitz.de\/wp-content\/uploads\/2023\/10\/MF_01962.jpg\" class=\"wp-block-getwid-images-slider__image wp-image-4838\" srcset=\"https:\/\/www.poedelwitz.de\/wp-content\/uploads\/2023\/10\/MF_01962.jpg 2048w, https:\/\/www.poedelwitz.de\/wp-content\/uploads\/2023\/10\/MF_01962-300x200.jpg 300w, https:\/\/www.poedelwitz.de\/wp-content\/uploads\/2023\/10\/MF_01962-1024x683.jpg 1024w, https:\/\/www.poedelwitz.de\/wp-content\/uploads\/2023\/10\/MF_01962-768x512.jpg 768w, https:\/\/www.poedelwitz.de\/wp-content\/uploads\/2023\/10\/MF_01962-1600x1066.jpg 1600w, https:\/\/www.poedelwitz.de\/wp-content\/uploads\/2023\/10\/MF_01962-1536x1024.jpg 1536w, https:\/\/www.poedelwitz.de\/wp-content\/uploads\/2023\/10\/MF_01962-18x12.jpg 18w, https:\/\/www.poedelwitz.de\/wp-content\/uploads\/2023\/10\/MF_01962-1200x800.jpg 1200w, https:\/\/www.poedelwitz.de\/wp-content\/uploads\/2023\/10\/MF_01962-930x620.jpg 930w\" sizes=\"(max-width: 2048px) 100vw, 2048px\" \/><\/figure><\/div><div class=\"wp-block-getwid-images-slider__item\"><figure><img decoding=\"async\" width=\"2048\" height=\"1365\" src=\"https:\/\/www.poedelwitz.de\/wp-content\/uploads\/2023\/10\/MF_01987.jpg\" data-id=\"4837\" data-link=\"https:\/\/www.poedelwitz.de\/de\/2023\/09\/20\/ein-rueckblick-unser-fest-der-gemeingueter\/mf_01987\/\" data-original-link=\"https:\/\/www.poedelwitz.de\/wp-content\/uploads\/2023\/10\/MF_01987.jpg\" class=\"wp-block-getwid-images-slider__image wp-image-4837\" srcset=\"https:\/\/www.poedelwitz.de\/wp-content\/uploads\/2023\/10\/MF_01987.jpg 2048w, https:\/\/www.poedelwitz.de\/wp-content\/uploads\/2023\/10\/MF_01987-300x200.jpg 300w, https:\/\/www.poedelwitz.de\/wp-content\/uploads\/2023\/10\/MF_01987-1024x683.jpg 1024w, https:\/\/www.poedelwitz.de\/wp-content\/uploads\/2023\/10\/MF_01987-768x512.jpg 768w, https:\/\/www.poedelwitz.de\/wp-content\/uploads\/2023\/10\/MF_01987-1600x1066.jpg 1600w, https:\/\/www.poedelwitz.de\/wp-content\/uploads\/2023\/10\/MF_01987-1536x1024.jpg 1536w, https:\/\/www.poedelwitz.de\/wp-content\/uploads\/2023\/10\/MF_01987-18x12.jpg 18w, https:\/\/www.poedelwitz.de\/wp-content\/uploads\/2023\/10\/MF_01987-1200x800.jpg 1200w, https:\/\/www.poedelwitz.de\/wp-content\/uploads\/2023\/10\/MF_01987-930x620.jpg 930w\" sizes=\"(max-width: 2048px) 100vw, 2048px\" \/><\/figure><\/div><div class=\"wp-block-getwid-images-slider__item\"><figure><img decoding=\"async\" width=\"2048\" height=\"1365\" src=\"https:\/\/www.poedelwitz.de\/wp-content\/uploads\/2023\/10\/MF_02005.jpg\" data-id=\"4836\" data-link=\"https:\/\/www.poedelwitz.de\/de\/2023\/09\/20\/ein-rueckblick-unser-fest-der-gemeingueter\/mf_02005\/\" data-original-link=\"https:\/\/www.poedelwitz.de\/wp-content\/uploads\/2023\/10\/MF_02005.jpg\" class=\"wp-block-getwid-images-slider__image wp-image-4836\" srcset=\"https:\/\/www.poedelwitz.de\/wp-content\/uploads\/2023\/10\/MF_02005.jpg 2048w, https:\/\/www.poedelwitz.de\/wp-content\/uploads\/2023\/10\/MF_02005-300x200.jpg 300w, https:\/\/www.poedelwitz.de\/wp-content\/uploads\/2023\/10\/MF_02005-1024x683.jpg 1024w, https:\/\/www.poedelwitz.de\/wp-content\/uploads\/2023\/10\/MF_02005-768x512.jpg 768w, https:\/\/www.poedelwitz.de\/wp-content\/uploads\/2023\/10\/MF_02005-1600x1066.jpg 1600w, https:\/\/www.poedelwitz.de\/wp-content\/uploads\/2023\/10\/MF_02005-1536x1024.jpg 1536w, https:\/\/www.poedelwitz.de\/wp-content\/uploads\/2023\/10\/MF_02005-18x12.jpg 18w, https:\/\/www.poedelwitz.de\/wp-content\/uploads\/2023\/10\/MF_02005-1200x800.jpg 1200w, https:\/\/www.poedelwitz.de\/wp-content\/uploads\/2023\/10\/MF_02005-930x620.jpg 930w\" sizes=\"(max-width: 2048px) 100vw, 2048px\" \/><\/figure><\/div><div class=\"wp-block-getwid-images-slider__item\"><figure><img decoding=\"async\" width=\"2048\" height=\"1365\" src=\"https:\/\/www.poedelwitz.de\/wp-content\/uploads\/2023\/10\/MF_02049.jpg\" data-id=\"4835\" data-link=\"https:\/\/www.poedelwitz.de\/de\/2023\/09\/20\/ein-rueckblick-unser-fest-der-gemeingueter\/mf_02049\/\" data-original-link=\"https:\/\/www.poedelwitz.de\/wp-content\/uploads\/2023\/10\/MF_02049.jpg\" class=\"wp-block-getwid-images-slider__image wp-image-4835\" srcset=\"https:\/\/www.poedelwitz.de\/wp-content\/uploads\/2023\/10\/MF_02049.jpg 2048w, https:\/\/www.poedelwitz.de\/wp-content\/uploads\/2023\/10\/MF_02049-300x200.jpg 300w, https:\/\/www.poedelwitz.de\/wp-content\/uploads\/2023\/10\/MF_02049-1024x683.jpg 1024w, https:\/\/www.poedelwitz.de\/wp-content\/uploads\/2023\/10\/MF_02049-768x512.jpg 768w, https:\/\/www.poedelwitz.de\/wp-content\/uploads\/2023\/10\/MF_02049-1600x1066.jpg 1600w, https:\/\/www.poedelwitz.de\/wp-content\/uploads\/2023\/10\/MF_02049-1536x1024.jpg 1536w, https:\/\/www.poedelwitz.de\/wp-content\/uploads\/2023\/10\/MF_02049-18x12.jpg 18w, https:\/\/www.poedelwitz.de\/wp-content\/uploads\/2023\/10\/MF_02049-1200x800.jpg 1200w, https:\/\/www.poedelwitz.de\/wp-content\/uploads\/2023\/10\/MF_02049-930x620.jpg 930w\" sizes=\"(max-width: 2048px) 100vw, 2048px\" \/><\/figure><\/div><div class=\"wp-block-getwid-images-slider__item\"><figure><img decoding=\"async\" width=\"2048\" height=\"1365\" src=\"https:\/\/www.poedelwitz.de\/wp-content\/uploads\/2023\/10\/MF_02060.jpg\" data-id=\"4834\" data-link=\"https:\/\/www.poedelwitz.de\/de\/2023\/09\/20\/ein-rueckblick-unser-fest-der-gemeingueter\/mf_02060\/\" data-original-link=\"https:\/\/www.poedelwitz.de\/wp-content\/uploads\/2023\/10\/MF_02060.jpg\" class=\"wp-block-getwid-images-slider__image wp-image-4834\" srcset=\"https:\/\/www.poedelwitz.de\/wp-content\/uploads\/2023\/10\/MF_02060.jpg 2048w, https:\/\/www.poedelwitz.de\/wp-content\/uploads\/2023\/10\/MF_02060-300x200.jpg 300w, https:\/\/www.poedelwitz.de\/wp-content\/uploads\/2023\/10\/MF_02060-1024x683.jpg 1024w, https:\/\/www.poedelwitz.de\/wp-content\/uploads\/2023\/10\/MF_02060-768x512.jpg 768w, https:\/\/www.poedelwitz.de\/wp-content\/uploads\/2023\/10\/MF_02060-1600x1066.jpg 1600w, https:\/\/www.poedelwitz.de\/wp-content\/uploads\/2023\/10\/MF_02060-1536x1024.jpg 1536w, https:\/\/www.poedelwitz.de\/wp-content\/uploads\/2023\/10\/MF_02060-18x12.jpg 18w, https:\/\/www.poedelwitz.de\/wp-content\/uploads\/2023\/10\/MF_02060-1200x800.jpg 1200w, https:\/\/www.poedelwitz.de\/wp-content\/uploads\/2023\/10\/MF_02060-930x620.jpg 930w\" sizes=\"(max-width: 2048px) 100vw, 2048px\" \/><\/figure><\/div><div class=\"wp-block-getwid-images-slider__item\"><figure><img decoding=\"async\" width=\"2048\" height=\"1365\" src=\"https:\/\/www.poedelwitz.de\/wp-content\/uploads\/2023\/10\/MF_01958.jpg\" data-id=\"4833\" data-link=\"https:\/\/www.poedelwitz.de\/de\/2023\/09\/20\/ein-rueckblick-unser-fest-der-gemeingueter\/mf_01958\/\" data-original-link=\"https:\/\/www.poedelwitz.de\/wp-content\/uploads\/2023\/10\/MF_01958.jpg\" class=\"wp-block-getwid-images-slider__image wp-image-4833\" srcset=\"https:\/\/www.poedelwitz.de\/wp-content\/uploads\/2023\/10\/MF_01958.jpg 2048w, https:\/\/www.poedelwitz.de\/wp-content\/uploads\/2023\/10\/MF_01958-300x200.jpg 300w, https:\/\/www.poedelwitz.de\/wp-content\/uploads\/2023\/10\/MF_01958-1024x683.jpg 1024w, https:\/\/www.poedelwitz.de\/wp-content\/uploads\/2023\/10\/MF_01958-768x512.jpg 768w, https:\/\/www.poedelwitz.de\/wp-content\/uploads\/2023\/10\/MF_01958-1600x1066.jpg 1600w, https:\/\/www.poedelwitz.de\/wp-content\/uploads\/2023\/10\/MF_01958-1536x1024.jpg 1536w, https:\/\/www.poedelwitz.de\/wp-content\/uploads\/2023\/10\/MF_01958-18x12.jpg 18w, https:\/\/www.poedelwitz.de\/wp-content\/uploads\/2023\/10\/MF_01958-1200x800.jpg 1200w, https:\/\/www.poedelwitz.de\/wp-content\/uploads\/2023\/10\/MF_01958-930x620.jpg 930w\" sizes=\"(max-width: 2048px) 100vw, 2048px\" \/><\/figure><\/div><div class=\"wp-block-getwid-images-slider__item\"><figure><img decoding=\"async\" width=\"2048\" height=\"1365\" src=\"https:\/\/www.poedelwitz.de\/wp-content\/uploads\/2023\/10\/MF_01947.jpg\" data-id=\"4832\" data-link=\"https:\/\/www.poedelwitz.de\/de\/2023\/09\/20\/ein-rueckblick-unser-fest-der-gemeingueter\/mf_01947\/\" data-original-link=\"https:\/\/www.poedelwitz.de\/wp-content\/uploads\/2023\/10\/MF_01947.jpg\" class=\"wp-block-getwid-images-slider__image wp-image-4832\" srcset=\"https:\/\/www.poedelwitz.de\/wp-content\/uploads\/2023\/10\/MF_01947.jpg 2048w, https:\/\/www.poedelwitz.de\/wp-content\/uploads\/2023\/10\/MF_01947-300x200.jpg 300w, https:\/\/www.poedelwitz.de\/wp-content\/uploads\/2023\/10\/MF_01947-1024x683.jpg 1024w, https:\/\/www.poedelwitz.de\/wp-content\/uploads\/2023\/10\/MF_01947-768x512.jpg 768w, https:\/\/www.poedelwitz.de\/wp-content\/uploads\/2023\/10\/MF_01947-1600x1066.jpg 1600w, https:\/\/www.poedelwitz.de\/wp-content\/uploads\/2023\/10\/MF_01947-1536x1024.jpg 1536w, https:\/\/www.poedelwitz.de\/wp-content\/uploads\/2023\/10\/MF_01947-18x12.jpg 18w, https:\/\/www.poedelwitz.de\/wp-content\/uploads\/2023\/10\/MF_01947-1200x800.jpg 1200w, https:\/\/www.poedelwitz.de\/wp-content\/uploads\/2023\/10\/MF_01947-930x620.jpg 930w\" sizes=\"(max-width: 2048px) 100vw, 2048px\" \/><\/figure><\/div><div class=\"wp-block-getwid-images-slider__item\"><figure><img decoding=\"async\" width=\"2048\" height=\"1365\" src=\"https:\/\/www.poedelwitz.de\/wp-content\/uploads\/2023\/10\/MF_01935.jpg\" data-id=\"4831\" data-link=\"https:\/\/www.poedelwitz.de\/de\/2023\/09\/20\/ein-rueckblick-unser-fest-der-gemeingueter\/mf_01935\/\" data-original-link=\"https:\/\/www.poedelwitz.de\/wp-content\/uploads\/2023\/10\/MF_01935.jpg\" class=\"wp-block-getwid-images-slider__image wp-image-4831\" srcset=\"https:\/\/www.poedelwitz.de\/wp-content\/uploads\/2023\/10\/MF_01935.jpg 2048w, https:\/\/www.poedelwitz.de\/wp-content\/uploads\/2023\/10\/MF_01935-300x200.jpg 300w, https:\/\/www.poedelwitz.de\/wp-content\/uploads\/2023\/10\/MF_01935-1024x683.jpg 1024w, https:\/\/www.poedelwitz.de\/wp-content\/uploads\/2023\/10\/MF_01935-768x512.jpg 768w, https:\/\/www.poedelwitz.de\/wp-content\/uploads\/2023\/10\/MF_01935-1600x1066.jpg 1600w, https:\/\/www.poedelwitz.de\/wp-content\/uploads\/2023\/10\/MF_01935-1536x1024.jpg 1536w, https:\/\/www.poedelwitz.de\/wp-content\/uploads\/2023\/10\/MF_01935-18x12.jpg 18w, https:\/\/www.poedelwitz.de\/wp-content\/uploads\/2023\/10\/MF_01935-1200x800.jpg 1200w, https:\/\/www.poedelwitz.de\/wp-content\/uploads\/2023\/10\/MF_01935-930x620.jpg 930w\" sizes=\"(max-width: 2048px) 100vw, 2048px\" \/><\/figure><\/div><div class=\"wp-block-getwid-images-slider__item\"><figure><img decoding=\"async\" width=\"2048\" height=\"1365\" src=\"https:\/\/www.poedelwitz.de\/wp-content\/uploads\/2023\/10\/MF_01915.jpg\" data-id=\"4830\" data-link=\"https:\/\/www.poedelwitz.de\/de\/2023\/09\/20\/ein-rueckblick-unser-fest-der-gemeingueter\/mf_01915\/\" data-original-link=\"https:\/\/www.poedelwitz.de\/wp-content\/uploads\/2023\/10\/MF_01915.jpg\" class=\"wp-block-getwid-images-slider__image wp-image-4830\" srcset=\"https:\/\/www.poedelwitz.de\/wp-content\/uploads\/2023\/10\/MF_01915.jpg 2048w, https:\/\/www.poedelwitz.de\/wp-content\/uploads\/2023\/10\/MF_01915-300x200.jpg 300w, https:\/\/www.poedelwitz.de\/wp-content\/uploads\/2023\/10\/MF_01915-1024x683.jpg 1024w, https:\/\/www.poedelwitz.de\/wp-content\/uploads\/2023\/10\/MF_01915-768x512.jpg 768w, https:\/\/www.poedelwitz.de\/wp-content\/uploads\/2023\/10\/MF_01915-1600x1066.jpg 1600w, https:\/\/www.poedelwitz.de\/wp-content\/uploads\/2023\/10\/MF_01915-1536x1024.jpg 1536w, https:\/\/www.poedelwitz.de\/wp-content\/uploads\/2023\/10\/MF_01915-18x12.jpg 18w, https:\/\/www.poedelwitz.de\/wp-content\/uploads\/2023\/10\/MF_01915-1200x800.jpg 1200w, https:\/\/www.poedelwitz.de\/wp-content\/uploads\/2023\/10\/MF_01915-930x620.jpg 930w\" sizes=\"(max-width: 2048px) 100vw, 2048px\" \/><\/figure><\/div><div class=\"wp-block-getwid-images-slider__item\"><figure><img decoding=\"async\" width=\"2048\" height=\"1365\" src=\"https:\/\/www.poedelwitz.de\/wp-content\/uploads\/2023\/10\/MF_01850.jpg\" data-id=\"4829\" data-link=\"https:\/\/www.poedelwitz.de\/de\/2023\/09\/20\/ein-rueckblick-unser-fest-der-gemeingueter\/mf_01850\/\" data-original-link=\"https:\/\/www.poedelwitz.de\/wp-content\/uploads\/2023\/10\/MF_01850.jpg\" class=\"wp-block-getwid-images-slider__image wp-image-4829\" srcset=\"https:\/\/www.poedelwitz.de\/wp-content\/uploads\/2023\/10\/MF_01850.jpg 2048w, https:\/\/www.poedelwitz.de\/wp-content\/uploads\/2023\/10\/MF_01850-300x200.jpg 300w, https:\/\/www.poedelwitz.de\/wp-content\/uploads\/2023\/10\/MF_01850-1024x683.jpg 1024w, https:\/\/www.poedelwitz.de\/wp-content\/uploads\/2023\/10\/MF_01850-768x512.jpg 768w, https:\/\/www.poedelwitz.de\/wp-content\/uploads\/2023\/10\/MF_01850-1600x1066.jpg 1600w, https:\/\/www.poedelwitz.de\/wp-content\/uploads\/2023\/10\/MF_01850-1536x1024.jpg 1536w, https:\/\/www.poedelwitz.de\/wp-content\/uploads\/2023\/10\/MF_01850-18x12.jpg 18w, https:\/\/www.poedelwitz.de\/wp-content\/uploads\/2023\/10\/MF_01850-1200x800.jpg 1200w, https:\/\/www.poedelwitz.de\/wp-content\/uploads\/2023\/10\/MF_01850-930x620.jpg 930w\" sizes=\"(max-width: 2048px) 100vw, 2048px\" \/><\/figure><\/div><div class=\"wp-block-getwid-images-slider__item\"><figure><img decoding=\"async\" width=\"2048\" height=\"1365\" src=\"https:\/\/www.poedelwitz.de\/wp-content\/uploads\/2023\/10\/MF_01799.jpg\" data-id=\"4828\" data-link=\"https:\/\/www.poedelwitz.de\/de\/2023\/09\/20\/ein-rueckblick-unser-fest-der-gemeingueter\/mf_01799\/\" data-original-link=\"https:\/\/www.poedelwitz.de\/wp-content\/uploads\/2023\/10\/MF_01799.jpg\" class=\"wp-block-getwid-images-slider__image wp-image-4828\" srcset=\"https:\/\/www.poedelwitz.de\/wp-content\/uploads\/2023\/10\/MF_01799.jpg 2048w, https:\/\/www.poedelwitz.de\/wp-content\/uploads\/2023\/10\/MF_01799-300x200.jpg 300w, https:\/\/www.poedelwitz.de\/wp-content\/uploads\/2023\/10\/MF_01799-1024x683.jpg 1024w, https:\/\/www.poedelwitz.de\/wp-content\/uploads\/2023\/10\/MF_01799-768x512.jpg 768w, https:\/\/www.poedelwitz.de\/wp-content\/uploads\/2023\/10\/MF_01799-1600x1066.jpg 1600w, https:\/\/www.poedelwitz.de\/wp-content\/uploads\/2023\/10\/MF_01799-1536x1024.jpg 1536w, https:\/\/www.poedelwitz.de\/wp-content\/uploads\/2023\/10\/MF_01799-18x12.jpg 18w, https:\/\/www.poedelwitz.de\/wp-content\/uploads\/2023\/10\/MF_01799-1200x800.jpg 1200w, https:\/\/www.poedelwitz.de\/wp-content\/uploads\/2023\/10\/MF_01799-930x620.jpg 930w\" sizes=\"(max-width: 2048px) 100vw, 2048px\" \/><\/figure><\/div><div class=\"wp-block-getwid-images-slider__item\"><figure><img decoding=\"async\" width=\"2048\" height=\"1365\" src=\"https:\/\/www.poedelwitz.de\/wp-content\/uploads\/2023\/10\/MF_01726.jpg\" data-id=\"4827\" data-link=\"https:\/\/www.poedelwitz.de\/de\/2023\/09\/20\/ein-rueckblick-unser-fest-der-gemeingueter\/mf_01726\/\" data-original-link=\"https:\/\/www.poedelwitz.de\/wp-content\/uploads\/2023\/10\/MF_01726.jpg\" class=\"wp-block-getwid-images-slider__image wp-image-4827\" srcset=\"https:\/\/www.poedelwitz.de\/wp-content\/uploads\/2023\/10\/MF_01726.jpg 2048w, https:\/\/www.poedelwitz.de\/wp-content\/uploads\/2023\/10\/MF_01726-300x200.jpg 300w, https:\/\/www.poedelwitz.de\/wp-content\/uploads\/2023\/10\/MF_01726-1024x683.jpg 1024w, https:\/\/www.poedelwitz.de\/wp-content\/uploads\/2023\/10\/MF_01726-768x512.jpg 768w, https:\/\/www.poedelwitz.de\/wp-content\/uploads\/2023\/10\/MF_01726-1600x1066.jpg 1600w, https:\/\/www.poedelwitz.de\/wp-content\/uploads\/2023\/10\/MF_01726-1536x1024.jpg 1536w, https:\/\/www.poedelwitz.de\/wp-content\/uploads\/2023\/10\/MF_01726-18x12.jpg 18w, https:\/\/www.poedelwitz.de\/wp-content\/uploads\/2023\/10\/MF_01726-1200x800.jpg 1200w, https:\/\/www.poedelwitz.de\/wp-content\/uploads\/2023\/10\/MF_01726-930x620.jpg 930w\" sizes=\"(max-width: 2048px) 100vw, 2048px\" \/><\/figure><\/div><div class=\"wp-block-getwid-images-slider__item\"><figure><img decoding=\"async\" width=\"2048\" height=\"1365\" src=\"https:\/\/www.poedelwitz.de\/wp-content\/uploads\/2023\/10\/MF_01676.jpg\" data-id=\"4826\" data-link=\"https:\/\/www.poedelwitz.de\/de\/2023\/09\/20\/ein-rueckblick-unser-fest-der-gemeingueter\/mf_01676\/\" data-original-link=\"https:\/\/www.poedelwitz.de\/wp-content\/uploads\/2023\/10\/MF_01676.jpg\" class=\"wp-block-getwid-images-slider__image wp-image-4826\" srcset=\"https:\/\/www.poedelwitz.de\/wp-content\/uploads\/2023\/10\/MF_01676.jpg 2048w, https:\/\/www.poedelwitz.de\/wp-content\/uploads\/2023\/10\/MF_01676-300x200.jpg 300w, https:\/\/www.poedelwitz.de\/wp-content\/uploads\/2023\/10\/MF_01676-1024x683.jpg 1024w, https:\/\/www.poedelwitz.de\/wp-content\/uploads\/2023\/10\/MF_01676-768x512.jpg 768w, https:\/\/www.poedelwitz.de\/wp-content\/uploads\/2023\/10\/MF_01676-1600x1066.jpg 1600w, https:\/\/www.poedelwitz.de\/wp-content\/uploads\/2023\/10\/MF_01676-1536x1024.jpg 1536w, https:\/\/www.poedelwitz.de\/wp-content\/uploads\/2023\/10\/MF_01676-18x12.jpg 18w, https:\/\/www.poedelwitz.de\/wp-content\/uploads\/2023\/10\/MF_01676-1200x800.jpg 1200w, https:\/\/www.poedelwitz.de\/wp-content\/uploads\/2023\/10\/MF_01676-930x620.jpg 930w\" sizes=\"(max-width: 2048px) 100vw, 2048px\" \/><\/figure><\/div><\/div><\/div>\n","protected":false},"excerpt":{"rendered":"<p>\u00c4pfel und Birnen fallen in voller Reife von den vielen Obstb\u00e4umen in P\u00f6delwitz. Diesen Moment des Jahres wollen wir gemeinsam zelebrieren, da es pro Anwohner*in in P\u00f6delwitz ungef\u00e4hr je 10 Obstb\u00e4ume g\u00e4be. Hier ein kurzer Ein-und R\u00fcckblick in einen bunten Tag im P\u00f6delwitzer Sp\u00e4tsommer. Unser Erntedankfest am 17. September war ein Fest rund um die [&hellip;]<\/p>\n","protected":false},"author":20,"featured_media":4841,"comment_status":"open","ping_status":"open","sticky":false,"template":"","format":"standard","meta":{"inline_featured_image":false,"footnotes":""},"categories":[1],"tags":[],"class_list":["post-4825","post","type-post","status-publish","format-standard","has-post-thumbnail","hentry","category-uncategorized"],"_links":{"self":[{"href":"https:\/\/www.poedelwitz.de\/de\/wp-json\/wp\/v2\/posts\/4825","targetHints":{"allow":["GET"]}}],"collection":[{"href":"https:\/\/www.poedelwitz.de\/de\/wp-json\/wp\/v2\/posts"}],"about":[{"href":"https:\/\/www.poedelwitz.de\/de\/wp-json\/wp\/v2\/types\/post"}],"author":[{"embeddable":true,"href":"https:\/\/www.poedelwitz.de\/de\/wp-json\/wp\/v2\/users\/20"}],"replies":[{"embeddable":true,"href":"https:\/\/www.poedelwitz.de\/de\/wp-json\/wp\/v2\/comments?post=4825"}],"version-history":[{"count":10,"href":"https:\/\/www.poedelwitz.de\/de\/wp-json\/wp\/v2\/posts\/4825\/revisions"}],"predecessor-version":[{"id":5709,"href":"https:\/\/www.poedelwitz.de\/de\/wp-json\/wp\/v2\/posts\/4825\/revisions\/5709"}],"wp:featuredmedia":[{"embeddable":true,"href":"https:\/\/www.poedelwitz.de\/de\/wp-json\/wp\/v2\/media\/4841"}],"wp:attachment":[{"href":"https:\/\/www.poedelwitz.de\/de\/wp-json\/wp\/v2\/media?parent=4825"}],"wp:term":[{"taxonomy":"category","embeddable":true,"href":"https:\/\/www.poedelwitz.de\/de\/wp-json\/wp\/v2\/categories?post=4825"},{"taxonomy":"post_tag","embeddable":true,"href":"https:\/\/www.poedelwitz.de\/de\/wp-json\/wp\/v2\/tags?post=4825"}],"curies":[{"name":"wp","href":"https:\/\/api.w.org\/{rel}","templated":true}]}}