{"id":5552,"date":"2024-09-13T21:36:42","date_gmt":"2024-09-13T19:36:42","guid":{"rendered":"https:\/\/www.poedelwitz.de\/?p=5552"},"modified":"2025-07-24T15:18:15","modified_gmt":"2025-07-24T13:18:15","slug":"wir-feiern-fuenf-neue-denkmale-in-poedelwitz","status":"publish","type":"post","link":"https:\/\/www.poedelwitz.de\/de\/wir-feiern-fuenf-neue-denkmale-in-poedelwitz","title":{"rendered":"Wir feiern f\u00fcnf neue Denkmale in unserem kleinen Dorf!"},"content":{"rendered":"\n<p><strong>P\u00fcnktlich zum Tag des offenen Denkmals konnten wir feiern: P\u00f6delwitz hat f\u00fcnf neue Denkmale! - Also f\u00fcnf Geb\u00e4ude oder Geb\u00e4udeensemble, denen eine kulturhistorische Bedeutung zugesprochen wird, die sie zum Teil des Gemeingut unseres kulturellen Erbes macht. Damit geht f\u00fcr die\/ den Eigent\u00fcmer*in die Verantwortung einher, dieses gemeinsame Erbe zu bewahren. <\/strong><\/p>\n\n\n\n<p><br>H\u00e4user mit mehreren Jahrhunderten Geschichte - Das \u00e4lteste Haus in P\u00f6delwitz, welches zu den neu ausgewiesenen z\u00e4hlt, ist auf 1699\/ 1700 datiert! - machen uns bewusst: Wir sind immer nur zur \"Zwischenmiete\". Wir erhalten dieses Erbe, das materielle des Geb\u00e4ude ebenso wie das immaterielle, z.B. das Wissen, das in diesen Bauweisen steckt, von den Generationen vor uns und sollten es den nach uns kommenden weitergeben; wie auch unser aller Zuhause, die Erde und ihre lokalen \u00d6kosysteme.<\/p>\n\n\n\n<figure class=\"wp-block-image size-large\"><img decoding=\"async\" width=\"1024\" height=\"514\" src=\"https:\/\/www.poedelwitz.de\/wp-content\/uploads\/2024\/09\/neueDenkmale-1024x514.jpg\" alt=\"\" class=\"wp-image-5554\" srcset=\"https:\/\/www.poedelwitz.de\/wp-content\/uploads\/2024\/09\/neueDenkmale-1024x514.jpg 1024w, https:\/\/www.poedelwitz.de\/wp-content\/uploads\/2024\/09\/neueDenkmale-300x151.jpg 300w, https:\/\/www.poedelwitz.de\/wp-content\/uploads\/2024\/09\/neueDenkmale-768x386.jpg 768w, https:\/\/www.poedelwitz.de\/wp-content\/uploads\/2024\/09\/neueDenkmale.jpg 1392w\" sizes=\"(max-width: 1024px) 100vw, 1024px\" \/><\/figure>\n\n\n\n<p>Die neue Denkmalkarte zeigt uns noch einmal deutlich den hohen Wert des Baubestandes von P\u00f6delwitz! In der Rundlingsstruktur im Nordwesten des Dorfes sind nun fast alle Geb\u00e4ude als Denkmale klassifiziert.<br>Eine Mahnung, diesen Bestand nicht weiter durch Leerstand und Verfall zu gef\u00e4hrden, ebenso wie eine Erweiterung der rechtlichen M\u00f6glichkeiten, zumindest eine minimale Instandhaltung der Geb\u00e4ude durchzusetzen.<\/p>\n\n\n\n<p>Um identit\u00e4tsstiftende Ortsbilder und lebenswerte Siedlungsstrukturen respektvoll und zeitgem\u00e4\u00df weiter zu entwickeln, braucht es jedoch mehr als einen konservierenden Schutz von Einzelgeb\u00e4uden! Hier sollten auch die M\u00f6glichkeiten st\u00e4dtebaulicher Ma\u00dfnahmen in Erw\u00e4gung gezogen werden.  Eine ganzheitlich nachhaltige Baukultur muss dar\u00fcber hinaus eine Reparaturkultur sein, die den gesamten Bestand wertsch\u00e4tzt und pflegt. Die Geb\u00e4udesubstanz und Dorfstruktur von P\u00f6delwitz ist nicht nur kulturhistorisch von Wert, sondern bietet bemerkenswerte M\u00f6glichkeiten f\u00fcr eine sozial und \u00f6kologisch nachhaltige Siedlungsentwicklung.<\/p>\n\n\n\n<p>In der gut besuchten F\u00fchrung zum Tag des offenen Denkmals konnten wir mit den interessierten Teilnehmenden nicht nur diese Themen diskutieren, sondern statt 7 nun sogar 12 Denkmale im Dorf pr\u00e4sentieren. Wir danken insbesondere dem Denkmalnetz Sachsen f\u00fcr die Unterst\u00fctzung in den denkmalpflegerischen Belangen und dem Landesverein s\u00e4chsischer Heimatschutz, dessen Jahrestagung im Oktober vergangenen Jahres die n\u00f6tige Aufmerksamkeit f\u00fcr das bauliche Erbe von P\u00f6delwitz und seine aktuelle Situation herzustellen half.<\/p>\n\n\n\n<p><\/p>\n","protected":false},"excerpt":{"rendered":"<p>P\u00fcnktlich zum Tag des offenen Denkmals konnten wir feiern: P\u00f6delwitz hat f\u00fcnf neue Denkmale! &#8211; Also f\u00fcnf Geb\u00e4ude oder Geb\u00e4udeensemble, denen eine kulturhistorische Bedeutung zugesprochen wird, die sie zum Teil des Gemeingut unseres kulturellen Erbes macht. Damit geht f\u00fcr die\/ den Eigent\u00fcmer*in die Verantwortung einher, dieses gemeinsame Erbe zu bewahren. H\u00e4user mit mehreren Jahrhunderten Geschichte [&hellip;]<\/p>\n","protected":false},"author":16,"featured_media":5780,"comment_status":"open","ping_status":"open","sticky":false,"template":"","format":"standard","meta":{"inline_featured_image":false,"footnotes":""},"categories":[1],"tags":[],"class_list":["post-5552","post","type-post","status-publish","format-standard","has-post-thumbnail","hentry","category-uncategorized"],"_links":{"self":[{"href":"https:\/\/www.poedelwitz.de\/de\/wp-json\/wp\/v2\/posts\/5552","targetHints":{"allow":["GET"]}}],"collection":[{"href":"https:\/\/www.poedelwitz.de\/de\/wp-json\/wp\/v2\/posts"}],"about":[{"href":"https:\/\/www.poedelwitz.de\/de\/wp-json\/wp\/v2\/types\/post"}],"author":[{"embeddable":true,"href":"https:\/\/www.poedelwitz.de\/de\/wp-json\/wp\/v2\/users\/16"}],"replies":[{"embeddable":true,"href":"https:\/\/www.poedelwitz.de\/de\/wp-json\/wp\/v2\/comments?post=5552"}],"version-history":[{"count":4,"href":"https:\/\/www.poedelwitz.de\/de\/wp-json\/wp\/v2\/posts\/5552\/revisions"}],"predecessor-version":[{"id":5793,"href":"https:\/\/www.poedelwitz.de\/de\/wp-json\/wp\/v2\/posts\/5552\/revisions\/5793"}],"wp:featuredmedia":[{"embeddable":true,"href":"https:\/\/www.poedelwitz.de\/de\/wp-json\/wp\/v2\/media\/5780"}],"wp:attachment":[{"href":"https:\/\/www.poedelwitz.de\/de\/wp-json\/wp\/v2\/media?parent=5552"}],"wp:term":[{"taxonomy":"category","embeddable":true,"href":"https:\/\/www.poedelwitz.de\/de\/wp-json\/wp\/v2\/categories?post=5552"},{"taxonomy":"post_tag","embeddable":true,"href":"https:\/\/www.poedelwitz.de\/de\/wp-json\/wp\/v2\/tags?post=5552"}],"curies":[{"name":"wp","href":"https:\/\/api.w.org\/{rel}","templated":true}]}}