{"id":5755,"date":"2025-05-12T08:56:03","date_gmt":"2025-05-12T06:56:03","guid":{"rendered":"https:\/\/www.poedelwitz.de\/?p=5755"},"modified":"2025-08-07T12:25:47","modified_gmt":"2025-08-07T10:25:47","slug":"poedelwitz-ist-ein-schoenes-dorf","status":"publish","type":"post","link":"https:\/\/www.poedelwitz.de\/de\/poedelwitz-ist-ein-schoenes-dorf","title":{"rendered":"\u201eP\u00f6delwitz ist ein sch\u00f6nes Dorf!\u201c"},"content":{"rendered":"\n<p><strong>... das sagen viele Bewohner<em>innen und Besucher<\/em>innen. Die gr\u00fcnen Dorfpl\u00e4tze mit alten B\u00e4umen, umstanden von Fachwerkh\u00e4usern \u2013 ein harmonisches Bild, das in vielen D\u00f6rfern l\u00e4ngst verschwunden ist. Doch nicht nur der Leerstand gef\u00e4hrdet diese gewachsenen Dorfstrukturen, auch im Zuge einer Wiederbesiedlung k\u00f6nnte das Dorf stark \u00fcberformt werden. Beispiele gibt es genug um die Tagenbauseen in der Region. Wie kann P\u00f6delwitz wiederbelebt werden und dabei das, was P\u00f6delwitz lebenswert und besonders macht, erhalten und weiterentwickelt statt zerst\u00f6rt werden \u2013 seien es die tolle Dorfansicht mit der Obstbaumallee, der Bach, der Rundling, die Dreiseith\u00f6fe?<\/strong><\/p>\n\n\n\n<p>Wir haben das Gl\u00fcck und die \u201eEhre\u201c, dass uns das Landesamt f\u00fcr Denkmalpflege in dieser Frage unterst\u00fctzen m\u00f6chte. Dr. Vincent Haburaj, Referent f\u00fcr st\u00e4dtebauliche Denkmalpflege am Landesamt, wird mit einigen Kollegen von Juni bis August eine \u201e<strong>Historische Ortsanalyse<\/strong>\u201c f\u00fcr P\u00f6delwitz erstellen. Geb\u00e4udebestand und Dorfstrukturen werden dokumentiert und auf ihren Wert f\u00fcr das Dorf und als kulturelles Erbe hin untersucht. Diese Analyse hat selbst keine rechtlichen Konsequenzen, ist aber ein Grundlagendokument f\u00fcr eine angepasste Dorfentwicklung und sinnvolle Schutzma\u00dfnahmen jenseits der Ausweisung des Denkmalschutz-Status f\u00fcr einzelne Geb\u00e4ude. In anderen Bundesl\u00e4ndern wird dieses Instrument seit Langem erfolgreich genutzt \u2013 f\u00fcr Sachsen wird P\u00f6delwitz eins der beiden&nbsp;<em>ersten<\/em>&nbsp;D\u00f6rfer sein, das eine solche W\u00fcrdigung seiner \u00fcberlieferten Dorfstrukturen erf\u00e4hrt!<\/p>\n\n\n\n<p>Zum&nbsp;<strong>Tag des offenen Denkmals<\/strong>&nbsp;am&nbsp;<strong>14.9.<\/strong>&nbsp;werden wir die Ergebnisse der Analyse pr\u00e4sentieren. Am&nbsp;<strong>20.9.<\/strong>&nbsp;folgt ein&nbsp;<strong>Runder Tisch<\/strong>&nbsp;in unserer frisch sanierten Kirche, in dem wir uns mit politischen Entscheidungstr\u00e4ger<em>innen, Fachleuten und den Dorfbewohner<\/em>innen austauschen wollen, welche Ma\u00dfnahmen sinnvoll w\u00e4ren, um P\u00f6delwitz zu sch\u00fctzen \u2013 damit wir die besondere Sch\u00f6nheit von P\u00f6delwitz gemeinsam in die Zukunft tragen k\u00f6nnen.<\/p>\n","protected":false},"excerpt":{"rendered":"<p>&#8230; das sagen viele Bewohnerinnen und Besucherinnen. Die gr\u00fcnen Dorfpl\u00e4tze mit alten B\u00e4umen, umstanden von Fachwerkh\u00e4usern \u2013 ein harmonisches Bild, das in vielen D\u00f6rfern l\u00e4ngst verschwunden ist. Doch nicht nur der Leerstand gef\u00e4hrdet diese gewachsenen Dorfstrukturen, auch im Zuge einer Wiederbesiedlung k\u00f6nnte das Dorf stark \u00fcberformt werden. Beispiele gibt es genug um die Tagenbauseen in [&hellip;]<\/p>\n","protected":false},"author":21,"featured_media":5776,"comment_status":"open","ping_status":"open","sticky":false,"template":"","format":"standard","meta":{"inline_featured_image":false,"footnotes":""},"categories":[1],"tags":[],"class_list":["post-5755","post","type-post","status-publish","format-standard","has-post-thumbnail","hentry","category-uncategorized"],"_links":{"self":[{"href":"https:\/\/www.poedelwitz.de\/de\/wp-json\/wp\/v2\/posts\/5755","targetHints":{"allow":["GET"]}}],"collection":[{"href":"https:\/\/www.poedelwitz.de\/de\/wp-json\/wp\/v2\/posts"}],"about":[{"href":"https:\/\/www.poedelwitz.de\/de\/wp-json\/wp\/v2\/types\/post"}],"author":[{"embeddable":true,"href":"https:\/\/www.poedelwitz.de\/de\/wp-json\/wp\/v2\/users\/21"}],"replies":[{"embeddable":true,"href":"https:\/\/www.poedelwitz.de\/de\/wp-json\/wp\/v2\/comments?post=5755"}],"version-history":[{"count":2,"href":"https:\/\/www.poedelwitz.de\/de\/wp-json\/wp\/v2\/posts\/5755\/revisions"}],"predecessor-version":[{"id":5763,"href":"https:\/\/www.poedelwitz.de\/de\/wp-json\/wp\/v2\/posts\/5755\/revisions\/5763"}],"wp:featuredmedia":[{"embeddable":true,"href":"https:\/\/www.poedelwitz.de\/de\/wp-json\/wp\/v2\/media\/5776"}],"wp:attachment":[{"href":"https:\/\/www.poedelwitz.de\/de\/wp-json\/wp\/v2\/media?parent=5755"}],"wp:term":[{"taxonomy":"category","embeddable":true,"href":"https:\/\/www.poedelwitz.de\/de\/wp-json\/wp\/v2\/categories?post=5755"},{"taxonomy":"post_tag","embeddable":true,"href":"https:\/\/www.poedelwitz.de\/de\/wp-json\/wp\/v2\/tags?post=5755"}],"curies":[{"name":"wp","href":"https:\/\/api.w.org\/{rel}","templated":true}]}}