{"id":5757,"date":"2025-07-01T08:58:04","date_gmt":"2025-07-01T06:58:04","guid":{"rendered":"https:\/\/www.poedelwitz.de\/?p=5757"},"modified":"2025-08-07T12:25:28","modified_gmt":"2025-08-07T10:25:28","slug":"ein-symbol-der-hoffnung-erstrahlt-in-neuem-glanz","status":"publish","type":"post","link":"https:\/\/www.poedelwitz.de\/de\/ein-symbol-der-hoffnung-erstrahlt-in-neuem-glanz","title":{"rendered":"Ein Symbol der Hoffnung erstrahlt in neuem Glanz"},"content":{"rendered":"\n<p><strong>Schon 2021, nachdem endlich die Entscheidung gefallen war, dass P\u00f6delwitz wieder eine Zukunft hat, richtete sich der Blick auch auf ein Zeugnis der langen Vergangenheit unseres Dorfes: Unsere 750 Jahre alte P\u00f6delwitzer Dorfkirche. Die Sanierung des Kirchinnenraums lag inzwischen 60 Jahre zur\u00fcck. Hier bestand Handlungsbedarf, ebenso wie die Chance, ein starkes Zeichen zu setzen, um die neue Phase im Dorf, die Wiederbelebung, einzul\u00e4uten.<\/strong><\/p>\n\n\n\n<p><br>Es folgten vier Jahre der Planung, F\u00f6rdermittelakquise, restauratorische Untersuchungen, Spendenaktionen und schlie\u00dflich ab Herbst 2023 \u00fcber eineinhalb Jahre Umsetzung. Viele Gewerke und Ehrenamtliche haben die Kirche gemeinsam verwandelt; aus dunklem Grau in Grau wurden strahlende Gr\u00fcnt\u00f6ne mit goldenen Details, umgeben von warmem Wei\u00df \u2013 eine in der Kirche freigelegte klassizistische Farbfassung. Auch die im Originalzustand erhaltene Orgel aus dem Jahr 1791 wurde umfassend restauriert. Neu hinzu kamen eine Toilette und eine kleine Teek\u00fcche, au\u00dferdem wurden die Kirchenb\u00e4nke im hinteren Bereich mobil gemacht, sodass dort auch stattdessen Tische Platz finden k\u00f6nnen \u2013 oder auch mal eine Tischtennisplatte\u2026 Das Kirchgeb\u00e4ude \u00f6ffnet sich f\u00fcr \u00f6ffentliche und gemeinschaftliche Nutzungen \u00fcber die Gottesdienste hinaus und st\u00e4rkt so seine Rolle als wichtigster Ort der Zusammenkunft im Dorf.<\/p>\n\n\n\n<p><br>Auch zur Zeit des Widerstands nahm die Kirche eine zentrale Position ein, das Geb\u00e4ude ebenso wie die Gemeinde. Kirche und Friedhof wurden nicht verkauft, es wurden Umweltgottesdienste und sogar noch Bestattungen durchgef\u00fchrt und mit hunderten Osterglocken ein gelbes Andreaskreuz gepflanzt. Gemeinsam mit diesem bildet der P\u00f6delwitzer Kirchturm das Logo des deutschlandweiten B\u00fcndnisses \u201eAlle D\u00f6rfer bleiben\u201c. Schlie\u00dflich wurde hier 2021 auch ein Gemeindefest zum Erhalt des Dorfes gefeiert und nun, am 05.07.2026, mit so vielen G\u00e4sten, dass die Sitzpl\u00e4tze nicht ausreichten, die Wiedereinweihung der Kirche mit Orgelkonzert.<\/p>\n\n\n\n<p><br>Leider ist dieser feierliche Moment zugleich auch der Abschied von unserer Pfarrerin Friederike Kaltofen. Das Kirchspiel Groitzsch wird mit Pegau zusammengelegt und der dortige Pfarrer \u00fcbernimmt fortan beide Gemeinden. Groitzsch und insbesondere P\u00f6delwitz h\u00e4tten nicht mehr Gl\u00fcck haben k\u00f6nnen als mit dieser \u00fcber die Ma\u00dfen engagierten, mutigen, kraftvollen und warmherzigen Frau. Wir P\u00f6delwitzer*innen haben ihr vieles zu verdanken, im Kampf gegen die Zerst\u00f6rung des Dorfes wie im Kampf f\u00fcr seine Wiederbelebung und nun noch f\u00fcr diese so gelungene Instandsetzung und Neugestaltung unserer Kirche.<\/p>\n\n\n\n<p><br>Diese Geschichte, zu der also auch Frau Kaltofen geh\u00f6rt, ist nun auch verewigt in der Kirche; die schmerzhaften Verluste der letzten Jahrzehnte ebenso wie der Erfolg des Widerstands: Die Tafeln der Empore wurden zu Bilderrahmen und tragen nun Dorfansichten von sieben ehemaligen Nachbard\u00f6rfern von P\u00f6delwitz, die den Tagebau nicht \u00fcberlebten \u2013 und von Kieritzsch und P\u00f6delwitz, die es geschafft haben. So endet die Geschichte anders als sie begann. Wie sie weitergeht, ist noch offen. Sicher ist, dass unsere Dorfkirche darin immer eine wichtige Rolle gespielt hat und das weiterhin tun wird. Ihr frisches Gr\u00fcn ist nun das Symbol der Hoffnung f\u00fcr die Zukunft des Dorfes.<\/p>\n\n\n\n<p>Wir danken Frau Kaltofen von Herzen f\u00fcr ihren Einsatz f\u00fcr P\u00f6delwitz und eine menschlichere Welt \u00fcberhaupt.<\/p>\n","protected":false},"excerpt":{"rendered":"<p>Schon 2021, nachdem endlich die Entscheidung gefallen war, dass P\u00f6delwitz wieder eine Zukunft hat, richtete sich der Blick auch auf ein Zeugnis der langen Vergangenheit unseres Dorfes: Unsere 750 Jahre alte P\u00f6delwitzer Dorfkirche. Die Sanierung des Kirchinnenraums lag inzwischen 60 Jahre zur\u00fcck. Hier bestand Handlungsbedarf, ebenso wie die Chance, ein starkes Zeichen zu setzen, um [&hellip;]<\/p>\n","protected":false},"author":21,"featured_media":5758,"comment_status":"open","ping_status":"open","sticky":false,"template":"","format":"standard","meta":{"inline_featured_image":false,"footnotes":""},"categories":[1],"tags":[],"class_list":["post-5757","post","type-post","status-publish","format-standard","has-post-thumbnail","hentry","category-uncategorized"],"_links":{"self":[{"href":"https:\/\/www.poedelwitz.de\/de\/wp-json\/wp\/v2\/posts\/5757","targetHints":{"allow":["GET"]}}],"collection":[{"href":"https:\/\/www.poedelwitz.de\/de\/wp-json\/wp\/v2\/posts"}],"about":[{"href":"https:\/\/www.poedelwitz.de\/de\/wp-json\/wp\/v2\/types\/post"}],"author":[{"embeddable":true,"href":"https:\/\/www.poedelwitz.de\/de\/wp-json\/wp\/v2\/users\/21"}],"replies":[{"embeddable":true,"href":"https:\/\/www.poedelwitz.de\/de\/wp-json\/wp\/v2\/comments?post=5757"}],"version-history":[{"count":2,"href":"https:\/\/www.poedelwitz.de\/de\/wp-json\/wp\/v2\/posts\/5757\/revisions"}],"predecessor-version":[{"id":5762,"href":"https:\/\/www.poedelwitz.de\/de\/wp-json\/wp\/v2\/posts\/5757\/revisions\/5762"}],"wp:featuredmedia":[{"embeddable":true,"href":"https:\/\/www.poedelwitz.de\/de\/wp-json\/wp\/v2\/media\/5758"}],"wp:attachment":[{"href":"https:\/\/www.poedelwitz.de\/de\/wp-json\/wp\/v2\/media?parent=5757"}],"wp:term":[{"taxonomy":"category","embeddable":true,"href":"https:\/\/www.poedelwitz.de\/de\/wp-json\/wp\/v2\/categories?post=5757"},{"taxonomy":"post_tag","embeddable":true,"href":"https:\/\/www.poedelwitz.de\/de\/wp-json\/wp\/v2\/tags?post=5757"}],"curies":[{"name":"wp","href":"https:\/\/api.w.org\/{rel}","templated":true}]}}