{"id":5786,"date":"2025-06-24T15:07:05","date_gmt":"2025-06-24T13:07:05","guid":{"rendered":"https:\/\/www.poedelwitz.de\/?p=5786"},"modified":"2025-08-07T12:24:57","modified_gmt":"2025-08-07T10:24:57","slug":"eine-obstallee-fuer-poedelwitz","status":"publish","type":"post","link":"https:\/\/www.poedelwitz.de\/de\/eine-obstallee-fuer-poedelwitz","title":{"rendered":"Eine Obstallee f\u00fcr P\u00f6delwitz"},"content":{"rendered":"\n<p><strong>Viele Groitzscher Dorfstra\u00dfen sind ges\u00e4umt von Obstb\u00e4umen. Kirschalleen, in denen an manchen Tagen nur die Leiter am Stamm lehnend sichtbar ist, weil der zur Ernte empor gekletterte Mensch ganz im dichten Bewuchs verschwunden ist. Oder Apfelb\u00e4ume, deren \u00c4ste unter der Last unz\u00e4hliger Fr\u00fcchte beinahe schon den Boden ber\u00fchren.<\/strong><\/p>\n\n\n\n<p>Die Bepflanzung der Stra\u00dfen mit Streuobst hat Tradition. In der Vergangenheit bis heute dienen Obstalleen dem Schutz vor Winderosion der angrenzenden \u00c4cker, der Entw\u00e4sserung von Stra\u00dfen, der Markierung von Wegen und nat\u00fcrlich der lokalen Versorgung mit Obst. Doch die Nutzung von B\u00e4umen im Sinne der Selbstversorgung mit Wirtschafts- und Tafelobst passiert nur sporadisch. Das \u00fcberrascht nicht, denn unweit im n\u00e4chsten Supermarkt gibt es billige Fr\u00fcchte in perfekten Formen und Farben, ohne Kerne und manch eine Made.<\/p>\n\n\n\n<p>Auch am Abzweig nach P\u00f6delwitz (ehemals B167) s\u00e4umen auf \u00fcber 1,5 Kilometern links und rechts Apfel- und Birnb\u00e4ume die Stra\u00dfe. Diese Obstallee soll jetzt wieder genutzt und gepflegt werden. Daf\u00fcr hat der Verein P\u00f6delwitz hat Zukunft e.V. eine Nutzungsvereinbarung mit der Kommune getroffen.<\/p>\n\n\n\n<p>Der Verein P\u00f6delwitz hat Zukunft e.V. setzt sich f\u00fcr den Erhalt und das Anlegen von Streuobstwiesen und -alleen ein, da sie wertvoller Bestandteil einer artenreichen Kulturlandschaft sind, uns gesundes und regionales Obst liefern und besonders wertvoll als Lebensraum f\u00fcr viele Tiere und Pflanzen sind. Im Dorf wurden bereits \u00fcber 100 B\u00e4ume und Beerenstr\u00e4ucher gepflanzt. Die Obstallee f\u00fchrt die Vision eines Dorfes, das klimaresilient wird und f\u00fcr viele Menschen Nahrung bietet, fort. Mit Hilfe des NABU-Projektes \"Gemeinsam f\u00fcr Streuobstparadiese\" (finanziert von der Deutschen Postcode Lotterie) konnten Werkzeug (wie eine Saftpresse) und Wissen ins Dorf gelangen. So kann P\u00f6delwitz nun die Pflege und den Erhalt der Obstallee \u00fcbernehmen.<\/p>\n\n\n\n<p>Die Obstbaumallee und deren Ertr\u00e4ge sollen weiterhin allen zur Verf\u00fcgung stehen, egal ob angereisten G\u00e4sten, der Groitzscher Bev\u00f6lkerung oder der P\u00f6delwitzer Dorfgemeinschaft. Die Obstbaumallee ist ein weiteres Zahnrad in der Entwicklung von P\u00f6delwitz zu einem \"Dorf der kurzen Wege\". Dabei soll eine alte Tradition wieder aufleben: dass viele Dinge des t\u00e4glichen Bedarfs f\u00fcr die Bewohnenden direkt vor Ort erf\u00fcllt werden k\u00f6nnen. Dazu z\u00e4hlt beispielsweise auch die Versorgung mit Lebensmitteln, die im Dorf produziert werden.<\/p>\n\n\n\n<p>Pflege, Pflanzung und Ernte sollen in Gemeinschaftsaktionen geschehen und werden begleitet von einer ausgebildeten Baumwartin. Verj\u00fcngungsma\u00dfnahmen des Altbaumbestands erm\u00f6glichen, dass Quantit\u00e4t und Qualit\u00e4t der Fr\u00fcchte sich verbessern und der noch wertvolle Bestand langfristig erhalten bleibt.<\/p>\n\n\n\n<p>Zur diesj\u00e4hrigen Erntesaison im September und Oktober wird es bereits eine gemeinsame Ernte- und Saftaktionen geben. Wer mitmachen m\u00f6chte, kann sich hier melden:&nbsp;<a href=\"\/\"  class=\"mailcrypt\">dorfentwicklung<span><span>\u2202<\/span><\/span>poedelwitz.de<\/a><br>Wir freuen uns auf Besuch!<\/p>\n","protected":false},"excerpt":{"rendered":"<p>Viele Groitzscher Dorfstra\u00dfen sind ges\u00e4umt von Obstb\u00e4umen. Kirschalleen, in denen an manchen Tagen nur die Leiter am Stamm lehnend sichtbar ist, weil der zur Ernte empor gekletterte Mensch ganz im dichten Bewuchs verschwunden ist. Oder Apfelb\u00e4ume, deren \u00c4ste unter der Last unz\u00e4hliger Fr\u00fcchte beinahe schon den Boden ber\u00fchren. Die Bepflanzung der Stra\u00dfen mit Streuobst hat [&hellip;]<\/p>\n","protected":false},"author":21,"featured_media":5844,"comment_status":"open","ping_status":"open","sticky":false,"template":"","format":"standard","meta":{"inline_featured_image":false,"footnotes":""},"categories":[1],"tags":[],"class_list":["post-5786","post","type-post","status-publish","format-standard","has-post-thumbnail","hentry","category-uncategorized"],"_links":{"self":[{"href":"https:\/\/www.poedelwitz.de\/de\/wp-json\/wp\/v2\/posts\/5786","targetHints":{"allow":["GET"]}}],"collection":[{"href":"https:\/\/www.poedelwitz.de\/de\/wp-json\/wp\/v2\/posts"}],"about":[{"href":"https:\/\/www.poedelwitz.de\/de\/wp-json\/wp\/v2\/types\/post"}],"author":[{"embeddable":true,"href":"https:\/\/www.poedelwitz.de\/de\/wp-json\/wp\/v2\/users\/21"}],"replies":[{"embeddable":true,"href":"https:\/\/www.poedelwitz.de\/de\/wp-json\/wp\/v2\/comments?post=5786"}],"version-history":[{"count":5,"href":"https:\/\/www.poedelwitz.de\/de\/wp-json\/wp\/v2\/posts\/5786\/revisions"}],"predecessor-version":[{"id":5847,"href":"https:\/\/www.poedelwitz.de\/de\/wp-json\/wp\/v2\/posts\/5786\/revisions\/5847"}],"wp:featuredmedia":[{"embeddable":true,"href":"https:\/\/www.poedelwitz.de\/de\/wp-json\/wp\/v2\/media\/5844"}],"wp:attachment":[{"href":"https:\/\/www.poedelwitz.de\/de\/wp-json\/wp\/v2\/media?parent=5786"}],"wp:term":[{"taxonomy":"category","embeddable":true,"href":"https:\/\/www.poedelwitz.de\/de\/wp-json\/wp\/v2\/categories?post=5786"},{"taxonomy":"post_tag","embeddable":true,"href":"https:\/\/www.poedelwitz.de\/de\/wp-json\/wp\/v2\/tags?post=5786"}],"curies":[{"name":"wp","href":"https:\/\/api.w.org\/{rel}","templated":true}]}}