{"id":5931,"date":"2025-10-12T13:51:59","date_gmt":"2025-10-12T11:51:59","guid":{"rendered":"https:\/\/www.poedelwitz.de\/?p=5931"},"modified":"2025-12-12T13:56:42","modified_gmt":"2025-12-12T12:56:42","slug":"gemeinsam-stark-im-wandel-wie-eine-klasse-klimaresilienz-erfahrbar-machte","status":"publish","type":"post","link":"https:\/\/www.poedelwitz.de\/de\/gemeinsam-stark-im-wandel-wie-eine-klasse-klimaresilienz-erfahrbar-machte","title":{"rendered":"Gemeinsam stark im Wandel: Wie eine Klasse Klimaresilienz erfahrbar machte"},"content":{"rendered":"\n<p>Wir hatten vom&nbsp;<strong>29.09.\u201302.10.2025<\/strong>&nbsp;die gro\u00dfe Freude, die&nbsp;<strong>Klasse 6b des Wiprecht-Gymnasiums Groitzsch<\/strong>&nbsp;(<a href=\"https:\/\/www.wiprecht-gymnasium.de\/\">https:\/\/www.wiprecht-gymnasium.de\/<\/a>) gemeinsam mit dem&nbsp;<strong>Kinder- und Jugendring Landkreis Leipzig<\/strong>&nbsp;(<a href=\"https:\/\/kjr-ll.de\/zukunftslabor-landkreis-leipzig\/\">Zukunftslabor Landkreis Leipzig \u2013 Jugend gestaltet den Wandel \u2013 Kinder- und Jugendring<\/a>&nbsp;, instagram: zukunftslabor.lkleipzig) in&nbsp;<strong>P\u00f6delwitz<\/strong>&nbsp;begr\u00fc\u00dfen zu d\u00fcrfen.<\/p>\n\n\n\n<p>W\u00e4hrend der Projekttage&nbsp;<strong>\u201eStark im Wandel \u2013 Klimaresilienz und starke Gemeinschaften\u201c<\/strong>&nbsp;tauschten wir uns \u00fcber globale Krisen und pers\u00f6nliche Sorgen aus, erlebten den Strukturwandel in P\u00f6delwitz hautnah und sammelten Ideen, wie wir Herausforderungen wie Hitze, Trockenheit und Wasserknappheit begegnen k\u00f6nnen. Neue Denkanst\u00f6\u00dfe brachten diverse Spiele \u00fcber die wir erkundet haben, wie Kooperation und Verantwortung zueinander und der Umwelt aussehen k\u00f6nnen. Der Kontrast zwischen Leerstand und aktiver Dorfkultur in P\u00f6delwitz schafft ein Umfeld, das viel Raum f\u00fcr Kreativit\u00e4t erm\u00f6glicht.<\/p>\n\n\n\n<p>In vier Gruppen wurde es an den letzten beiden Tagen dann richtig handwerklich: Entstanden sind ein&nbsp;<strong>Igelhaus<\/strong>, eine&nbsp;<strong>Regenwasser-Dusche aus alten IBC-Tanks<\/strong>, ein&nbsp;<strong>stromerzeugendes Windrad<\/strong>&nbsp;aus einem Nabendynamo sowie&nbsp;<strong>Apfelsaft und Apfelmus<\/strong>&nbsp;aus lokal geernteten \u00c4pfeln.<\/p>\n\n\n\n<p>Gemeinsam sind wir der Frage, was Klimaresilienz und eine starke Gemeinschaft bedeuten, ein gutes St\u00fcck n\u00e4her gekommen. Wir haben uns sehr \u00fcber die Neugier, Begeisterung und Offenheit der Klasse gefreut \u2013 und trotz des herbstlichen Wetters war es eine richtig sch\u00f6ne Woche!<\/p>\n\n\n\n<figure class=\"wp-block-gallery has-nested-images columns-default is-cropped wp-block-gallery-1 is-layout-flex wp-block-gallery-is-layout-flex\">\n<figure class=\"wp-block-image size-large\"><img decoding=\"async\" width=\"1080\" height=\"1350\" data-id=\"5934\" src=\"https:\/\/www.poedelwitz.de\/wp-content\/uploads\/2025\/12\/4-819x1024.jpg\" alt=\"\" class=\"wp-image-5934\" srcset=\"https:\/\/www.poedelwitz.de\/wp-content\/uploads\/2025\/12\/4-819x1024.jpg 819w, https:\/\/www.poedelwitz.de\/wp-content\/uploads\/2025\/12\/4-240x300.jpg 240w, https:\/\/www.poedelwitz.de\/wp-content\/uploads\/2025\/12\/4-768x960.jpg 768w, https:\/\/www.poedelwitz.de\/wp-content\/uploads\/2025\/12\/4.jpg 1080w\" sizes=\"(max-width: 1080px) 100vw, 1080px\" \/><\/figure>\n\n\n\n<figure class=\"wp-block-image size-large\"><img decoding=\"async\" width=\"819\" height=\"1024\" data-id=\"5933\" src=\"https:\/\/www.poedelwitz.de\/wp-content\/uploads\/2025\/12\/5-819x1024.jpg\" alt=\"\" class=\"wp-image-5933\" srcset=\"https:\/\/www.poedelwitz.de\/wp-content\/uploads\/2025\/12\/5-819x1024.jpg 819w, https:\/\/www.poedelwitz.de\/wp-content\/uploads\/2025\/12\/5-240x300.jpg 240w, https:\/\/www.poedelwitz.de\/wp-content\/uploads\/2025\/12\/5-768x960.jpg 768w, https:\/\/www.poedelwitz.de\/wp-content\/uploads\/2025\/12\/5.jpg 1080w\" sizes=\"(max-width: 819px) 100vw, 819px\" \/><\/figure>\n\n\n\n<figure class=\"wp-block-image size-large\"><img decoding=\"async\" width=\"819\" height=\"1024\" data-id=\"5932\" src=\"https:\/\/www.poedelwitz.de\/wp-content\/uploads\/2025\/12\/6-819x1024.jpg\" alt=\"\" class=\"wp-image-5932\" srcset=\"https:\/\/www.poedelwitz.de\/wp-content\/uploads\/2025\/12\/6-819x1024.jpg 819w, https:\/\/www.poedelwitz.de\/wp-content\/uploads\/2025\/12\/6-240x300.jpg 240w, https:\/\/www.poedelwitz.de\/wp-content\/uploads\/2025\/12\/6-768x960.jpg 768w, https:\/\/www.poedelwitz.de\/wp-content\/uploads\/2025\/12\/6.jpg 1080w\" sizes=\"(max-width: 819px) 100vw, 819px\" \/><\/figure>\n<\/figure>\n\n\n\n<figure class=\"wp-block-image size-full is-resized\"><img decoding=\"async\" width=\"993\" height=\"355\" src=\"https:\/\/www.poedelwitz.de\/wp-content\/uploads\/2025\/12\/Buergerbeteiligung-Logo_SMS_Leitmarke-mit-Haushaltszusatz.png\" alt=\"\" class=\"wp-image-5935\" style=\"aspect-ratio:2.7972439909535582;width:337px;height:auto\" srcset=\"https:\/\/www.poedelwitz.de\/wp-content\/uploads\/2025\/12\/Buergerbeteiligung-Logo_SMS_Leitmarke-mit-Haushaltszusatz.png 993w, https:\/\/www.poedelwitz.de\/wp-content\/uploads\/2025\/12\/Buergerbeteiligung-Logo_SMS_Leitmarke-mit-Haushaltszusatz-300x107.png 300w, https:\/\/www.poedelwitz.de\/wp-content\/uploads\/2025\/12\/Buergerbeteiligung-Logo_SMS_Leitmarke-mit-Haushaltszusatz-768x275.png 768w\" sizes=\"(max-width: 993px) 100vw, 993px\" \/><\/figure>\n","protected":false},"excerpt":{"rendered":"<p>Wir hatten vom&nbsp;29.09.\u201302.10.2025&nbsp;die gro\u00dfe Freude, die&nbsp;Klasse 6b des Wiprecht-Gymnasiums Groitzsch&nbsp;(https:\/\/www.wiprecht-gymnasium.de\/) gemeinsam mit dem&nbsp;Kinder- und Jugendring Landkreis Leipzig&nbsp;(Zukunftslabor Landkreis Leipzig \u2013 Jugend gestaltet den Wandel \u2013 Kinder- und Jugendring&nbsp;, instagram: zukunftslabor.lkleipzig) in&nbsp;P\u00f6delwitz&nbsp;begr\u00fc\u00dfen zu d\u00fcrfen. W\u00e4hrend der Projekttage&nbsp;\u201eStark im Wandel \u2013 Klimaresilienz und starke Gemeinschaften\u201c&nbsp;tauschten wir uns \u00fcber globale Krisen und pers\u00f6nliche Sorgen aus, erlebten den Strukturwandel [&hellip;]<\/p>\n","protected":false},"author":21,"featured_media":5937,"comment_status":"open","ping_status":"open","sticky":false,"template":"","format":"standard","meta":{"inline_featured_image":false,"footnotes":""},"categories":[1],"tags":[],"class_list":["post-5931","post","type-post","status-publish","format-standard","has-post-thumbnail","hentry","category-uncategorized"],"_links":{"self":[{"href":"https:\/\/www.poedelwitz.de\/de\/wp-json\/wp\/v2\/posts\/5931","targetHints":{"allow":["GET"]}}],"collection":[{"href":"https:\/\/www.poedelwitz.de\/de\/wp-json\/wp\/v2\/posts"}],"about":[{"href":"https:\/\/www.poedelwitz.de\/de\/wp-json\/wp\/v2\/types\/post"}],"author":[{"embeddable":true,"href":"https:\/\/www.poedelwitz.de\/de\/wp-json\/wp\/v2\/users\/21"}],"replies":[{"embeddable":true,"href":"https:\/\/www.poedelwitz.de\/de\/wp-json\/wp\/v2\/comments?post=5931"}],"version-history":[{"count":1,"href":"https:\/\/www.poedelwitz.de\/de\/wp-json\/wp\/v2\/posts\/5931\/revisions"}],"predecessor-version":[{"id":5936,"href":"https:\/\/www.poedelwitz.de\/de\/wp-json\/wp\/v2\/posts\/5931\/revisions\/5936"}],"wp:featuredmedia":[{"embeddable":true,"href":"https:\/\/www.poedelwitz.de\/de\/wp-json\/wp\/v2\/media\/5937"}],"wp:attachment":[{"href":"https:\/\/www.poedelwitz.de\/de\/wp-json\/wp\/v2\/media?parent=5931"}],"wp:term":[{"taxonomy":"category","embeddable":true,"href":"https:\/\/www.poedelwitz.de\/de\/wp-json\/wp\/v2\/categories?post=5931"},{"taxonomy":"post_tag","embeddable":true,"href":"https:\/\/www.poedelwitz.de\/de\/wp-json\/wp\/v2\/tags?post=5931"}],"curies":[{"name":"wp","href":"https:\/\/api.w.org\/{rel}","templated":true}]}}