{"id":2220,"date":"2021-06-23T17:48:00","date_gmt":"2021-06-23T15:48:00","guid":{"rendered":"https:\/\/www.poedelwitz.proxfab.space\/?p=2220"},"modified":"2022-04-07T11:11:21","modified_gmt":"2022-04-07T09:11:21","slug":"eroeffnung-unserer-neuen-website","status":"publish","type":"post","link":"https:\/\/www.poedelwitz.de\/en\/eroeffnung-unserer-neuen-website","title":{"rendered":"Er\u00f6ffnung unserer neuen Website"},"content":{"rendered":"<p class=\"has-medium-font-size\">Um den Verein mit seinen vielf\u00e4ltigen Projekten, seinem Weg und seiner Vision darzustellen, planten wir in der ersten Jahresh\u00e4lfte eine Website. In dieser Zeit erweiterten sich die Kompetenzen in unserer Organisation um Themen wie Cooperate Design und IT-Infrastruktur, welche unsere K\u00f6pfe zum Rauchen brachten. Durch ein Preisgeld des s\u00e4chsischen Mitmachfond 2020, welches die Dorfentwicklung von P\u00f6delwitz finanziell unterst\u00fctzt, realisierten wir die professionelle Entwicklung von www.poedelwitz.de. Ein wichtiges Anliegen ist es uns, transparent vorzustellen, welche Menschen hinter den Kulissen stecken. Einen Einblick erhaltet ihr in der Rubrik \u00dcber Uns und Personen. Au\u00dferdem soll die Website \u00fcber aktuelle Ereignisse in P\u00f6delwitz berichten und  einen Veranstaltungskalender bereitstellen. Unser Dorf hat in den letzten Jahren weltweit viele Freund*innen gewonnen, die sich gern \u00fcber die Wiederbelebung informieren und Besuche planen. Daher m\u00f6chten wir auf unserer Website auch unser Netzwerk an Partner*innen vorstellen, welches sich im letzten Jahrzehnt um P\u00f6delwitz aufgebaut hat. Dabei sind auch einige Medienberichte zusammen gekommen. Einige davon stellen wir euch in der Rubrik Presse vor. Vermisst ihr etwas auf unserer Website? Dann schreibt es uns in die Kommentare.<\/p>","protected":false},"excerpt":{"rendered":"<p>Um den Verein mit seinen vielf\u00e4ltigen Projekten, seinem Weg und seiner Vision darzustellen, planten wir in der ersten Jahresh\u00e4lfte eine Website. In dieser Zeit erweiterten sich die Kompetenzen in unserer Organisation um Themen wie Cooperate Design und IT-Infrastruktur, welche unsere K\u00f6pfe zum Rauchen brachten. Durch ein Preisgeld des s\u00e4chsischen Mitmachfond 2020, welches die Dorfentwicklung von [&hellip;]<\/p>\n","protected":false},"author":1,"featured_media":3794,"comment_status":"open","ping_status":"open","sticky":false,"template":"","format":"standard","meta":{"inline_featured_image":false,"footnotes":""},"categories":[1],"tags":[],"class_list":["post-2220","post","type-post","status-publish","format-standard","has-post-thumbnail","hentry","category-uncategorized"],"_links":{"self":[{"href":"https:\/\/www.poedelwitz.de\/en\/wp-json\/wp\/v2\/posts\/2220","targetHints":{"allow":["GET"]}}],"collection":[{"href":"https:\/\/www.poedelwitz.de\/en\/wp-json\/wp\/v2\/posts"}],"about":[{"href":"https:\/\/www.poedelwitz.de\/en\/wp-json\/wp\/v2\/types\/post"}],"author":[{"embeddable":true,"href":"https:\/\/www.poedelwitz.de\/en\/wp-json\/wp\/v2\/users\/1"}],"replies":[{"embeddable":true,"href":"https:\/\/www.poedelwitz.de\/en\/wp-json\/wp\/v2\/comments?post=2220"}],"version-history":[{"count":6,"href":"https:\/\/www.poedelwitz.de\/en\/wp-json\/wp\/v2\/posts\/2220\/revisions"}],"predecessor-version":[{"id":3953,"href":"https:\/\/www.poedelwitz.de\/en\/wp-json\/wp\/v2\/posts\/2220\/revisions\/3953"}],"wp:featuredmedia":[{"embeddable":true,"href":"https:\/\/www.poedelwitz.de\/en\/wp-json\/wp\/v2\/media\/3794"}],"wp:attachment":[{"href":"https:\/\/www.poedelwitz.de\/en\/wp-json\/wp\/v2\/media?parent=2220"}],"wp:term":[{"taxonomy":"category","embeddable":true,"href":"https:\/\/www.poedelwitz.de\/en\/wp-json\/wp\/v2\/categories?post=2220"},{"taxonomy":"post_tag","embeddable":true,"href":"https:\/\/www.poedelwitz.de\/en\/wp-json\/wp\/v2\/tags?post=2220"}],"curies":[{"name":"wp","href":"https:\/\/api.w.org\/{rel}","templated":true}]}}