{"id":3793,"date":"2021-09-18T10:22:00","date_gmt":"2021-09-18T08:22:00","guid":{"rendered":"https:\/\/www.poedelwitz.de\/?p=3793"},"modified":"2023-07-11T18:47:09","modified_gmt":"2023-07-11T16:47:09","slug":"dorffest-in-poedelwitz","status":"publish","type":"post","link":"https:\/\/www.poedelwitz.de\/en\/dorffest-in-poedelwitz","title":{"rendered":"Village festival in P\u00f6delwitz"},"content":{"rendered":"<p>As a thank you to all those involved in the resistance and as a start to the future of P\u00f6delwitz, we organised a \"village festival\" on 18 September 2021 and made our vision for P\u00f6delwitz more perceptible and temporarily tangible. We celebrated with all people interested in P\u00f6delwitz, but we also continued to network and to inform and discuss our ideas for the future of P\u00f6delwitz.<\/p>\n\n\n\n<p class=\" translation-block\">In addition to many other participatory offers (e. g. paper-making, screen printing, photo-potch and participatory circus), we produced juice from regional fruit with a mobile juice press, which could then be enjoyed with other delicacies in the village pub \"KneiP\u00f6\" and taken away for a donation in the village shop \"P\u00f6delwitz' common pantry\" next to the clothes exchange corner. The musical contributions by Axel Stiller on our village stage and various DJs on the dance floor ensured an exuberant party atmosphere. With somewhat calmer tones, the climate devotion in the village church and the light and sound magic in the project garden rounded off our village festival and all people could discover our village and our ideas for development on various paths.<\/p>\n\n\n\n<figure class=\"wp-block-image size-large is-resized\"><img decoding=\"async\" src=\"https:\/\/www.poedelwitz.de\/wp-content\/uploads\/2023\/07\/KDFS_LogoWappenText_2020_RGB-1024x250.png\" alt=\"\" class=\"wp-image-4775\" width=\"470\" height=\"114\" srcset=\"https:\/\/www.poedelwitz.de\/wp-content\/uploads\/2023\/07\/KDFS_LogoWappenText_2020_RGB-1024x250.png 1024w, https:\/\/www.poedelwitz.de\/wp-content\/uploads\/2023\/07\/KDFS_LogoWappenText_2020_RGB-300x73.png 300w, https:\/\/www.poedelwitz.de\/wp-content\/uploads\/2023\/07\/KDFS_LogoWappenText_2020_RGB-768x188.png 768w, https:\/\/www.poedelwitz.de\/wp-content\/uploads\/2023\/07\/KDFS_LogoWappenText_2020_RGB-1536x375.png 1536w, https:\/\/www.poedelwitz.de\/wp-content\/uploads\/2023\/07\/KDFS_LogoWappenText_2020_RGB-2048x500.png 2048w, https:\/\/www.poedelwitz.de\/wp-content\/uploads\/2023\/07\/KDFS_LogoWappenText_2020_RGB-18x4.png 18w, https:\/\/www.poedelwitz.de\/wp-content\/uploads\/2023\/07\/KDFS_LogoWappenText_2020_RGB-1600x391.png 1600w\" sizes=\"(max-width: 470px) 100vw, 470px\" \/><\/figure>","protected":false},"excerpt":{"rendered":"<p>Als Dankesch\u00f6n an alle Beteiligten im Widerstand und als Start in die Zukunft von P\u00f6delwitz haben wir am 18.9.2021 ein \u201cDorffest\u201d veranstaltet und unsere Vision f\u00fcr P\u00f6delwitz begreifbarer und tempor\u00e4r erlebbar gemacht. Dabei haben wir vor allem mit allen an P\u00f6delwitz interessierten Menschen gefeiert, aber uns auch weiter vernetzt und \u00fcber unsere Ideen zur Zukunft [&hellip;]<\/p>\n","protected":false},"author":1,"featured_media":0,"comment_status":"open","ping_status":"open","sticky":false,"template":"","format":"standard","meta":{"inline_featured_image":false,"footnotes":""},"categories":[1],"tags":[],"class_list":["post-3793","post","type-post","status-publish","format-standard","hentry","category-uncategorized"],"_links":{"self":[{"href":"https:\/\/www.poedelwitz.de\/en\/wp-json\/wp\/v2\/posts\/3793","targetHints":{"allow":["GET"]}}],"collection":[{"href":"https:\/\/www.poedelwitz.de\/en\/wp-json\/wp\/v2\/posts"}],"about":[{"href":"https:\/\/www.poedelwitz.de\/en\/wp-json\/wp\/v2\/types\/post"}],"author":[{"embeddable":true,"href":"https:\/\/www.poedelwitz.de\/en\/wp-json\/wp\/v2\/users\/1"}],"replies":[{"embeddable":true,"href":"https:\/\/www.poedelwitz.de\/en\/wp-json\/wp\/v2\/comments?post=3793"}],"version-history":[{"count":2,"href":"https:\/\/www.poedelwitz.de\/en\/wp-json\/wp\/v2\/posts\/3793\/revisions"}],"predecessor-version":[{"id":4776,"href":"https:\/\/www.poedelwitz.de\/en\/wp-json\/wp\/v2\/posts\/3793\/revisions\/4776"}],"wp:attachment":[{"href":"https:\/\/www.poedelwitz.de\/en\/wp-json\/wp\/v2\/media?parent=3793"}],"wp:term":[{"taxonomy":"category","embeddable":true,"href":"https:\/\/www.poedelwitz.de\/en\/wp-json\/wp\/v2\/categories?post=3793"},{"taxonomy":"post_tag","embeddable":true,"href":"https:\/\/www.poedelwitz.de\/en\/wp-json\/wp\/v2\/tags?post=3793"}],"curies":[{"name":"wp","href":"https:\/\/api.w.org\/{rel}","templated":true}]}}