{"id":3914,"date":"2021-11-05T08:27:49","date_gmt":"2021-11-05T07:27:49","guid":{"rendered":"https:\/\/www.poedelwitz.de\/?p=3914"},"modified":"2022-04-07T02:30:39","modified_gmt":"2022-04-07T00:30:39","slug":"verein-poedelwitz-hat-zukunft-stellt-konzept-im-stadtrat-vor","status":"publish","type":"post","link":"https:\/\/www.poedelwitz.de\/en\/verein-poedelwitz-hat-zukunft-stellt-konzept-im-stadtrat-vor","title":{"rendered":"Association P\u00f6delwitz hat Zukunft presents concept to city council"},"content":{"rendered":"<p>Yesterday evening, the association \"P\u00f6delwitz hat Zukunft e.V.\" presented an overall concept for P\u00f6delwitz to the Groitzsch town council: The village is to become a model village and exemplify how villages in regions of structural change can develop in a sustainable and future-oriented way. The association relies on regional cycles and an active and mixed village community. The initiators assume that the concept will have nationwide appeal in the context of the coal phase-out and can serve as a blueprint for other villages in regions of structural change.<\/p>\n\n\n\n<p>Instead of leaving the development of the village to the market, we want to create a self-determined, lively village community. By attracting businesses, we want to live and work in the village for the most part. The concept is nothing new - villages functioned like this for thousands of years - it just tries to combine the traditional with today's requirements in order to ensure a socially and climate-friendly rural life in the long term.<\/p>\n\n\n\n<p>More than 100 people from the Leipziger Land and the city of Leipzig have already come together to repopulate the village as part of the P\u00f6delwitz hat Zukunft concept.<\/p>\n\n\n\n<p>With the people comes a lot of energy and inventiveness in the village - and concrete projects that interlock: Vegetables, for example, are to be grown through solidarity farming and processed directly in the village canteen or the village caf\u00e9. A coworking space replaces the daily trip to the office in Leipzig, and a cultural centre offers space for events such as readings and concerts. A hairdressing salon is also planned, as well as a start-up that makes bicycle helmets from mushroom mycelium. A residential centre for people with disabilities is also to be built in the village. The centre's assisted living and recreation buildings will provide a place of retreat. The residents of the residential centre are an active part of village life by participating in solidarity farming or other activities at local businesses.<\/p>","protected":false},"excerpt":{"rendered":"<p>Gestern Abend stellte der Verein \u201eP\u00f6delwitz hat Zukunft e.V.\u201c im Groitzscher Stadtrat ein Gesamtkonzept f\u00fcr P\u00f6delwitz vor: Der Ort soll ein Modelldorf werden und exemplarisch zeigen, wie sich D\u00f6rfer in Strukturwandelregionen nachhaltig und zukunftsf\u00e4hig entwickeln k\u00f6nnen. Dabei setzt der Verein auf regionale Kreisl\u00e4ufe und eine aktive und durchmischte Dorfgemeinschaft. Die Initiatior*innen gehen davon aus, dass [&hellip;]<\/p>\n","protected":false},"author":1,"featured_media":3915,"comment_status":"open","ping_status":"open","sticky":false,"template":"","format":"standard","meta":{"inline_featured_image":false,"footnotes":""},"categories":[1],"tags":[],"class_list":["post-3914","post","type-post","status-publish","format-standard","has-post-thumbnail","hentry","category-uncategorized"],"_links":{"self":[{"href":"https:\/\/www.poedelwitz.de\/en\/wp-json\/wp\/v2\/posts\/3914","targetHints":{"allow":["GET"]}}],"collection":[{"href":"https:\/\/www.poedelwitz.de\/en\/wp-json\/wp\/v2\/posts"}],"about":[{"href":"https:\/\/www.poedelwitz.de\/en\/wp-json\/wp\/v2\/types\/post"}],"author":[{"embeddable":true,"href":"https:\/\/www.poedelwitz.de\/en\/wp-json\/wp\/v2\/users\/1"}],"replies":[{"embeddable":true,"href":"https:\/\/www.poedelwitz.de\/en\/wp-json\/wp\/v2\/comments?post=3914"}],"version-history":[{"count":2,"href":"https:\/\/www.poedelwitz.de\/en\/wp-json\/wp\/v2\/posts\/3914\/revisions"}],"predecessor-version":[{"id":3918,"href":"https:\/\/www.poedelwitz.de\/en\/wp-json\/wp\/v2\/posts\/3914\/revisions\/3918"}],"wp:featuredmedia":[{"embeddable":true,"href":"https:\/\/www.poedelwitz.de\/en\/wp-json\/wp\/v2\/media\/3915"}],"wp:attachment":[{"href":"https:\/\/www.poedelwitz.de\/en\/wp-json\/wp\/v2\/media?parent=3914"}],"wp:term":[{"taxonomy":"category","embeddable":true,"href":"https:\/\/www.poedelwitz.de\/en\/wp-json\/wp\/v2\/categories?post=3914"},{"taxonomy":"post_tag","embeddable":true,"href":"https:\/\/www.poedelwitz.de\/en\/wp-json\/wp\/v2\/tags?post=3914"}],"curies":[{"name":"wp","href":"https:\/\/api.w.org\/{rel}","templated":true}]}}