{"id":3922,"date":"2022-04-07T02:43:19","date_gmt":"2022-04-07T00:43:19","guid":{"rendered":"https:\/\/www.poedelwitz.de\/?p=3922"},"modified":"2022-04-07T17:31:06","modified_gmt":"2022-04-07T15:31:06","slug":"poedelwitz-wird-ein-ort-der-demokratie-und-erhaelt-ein-vom-freistaat-sachsen-gefoerdertes-zukunftsforum","status":"publish","type":"post","link":"https:\/\/www.poedelwitz.de\/en\/poedelwitz-wird-ein-ort-der-demokratie-und-erhaelt-ein-vom-freistaat-sachsen-gefoerdertes-zukunftsforum","title":{"rendered":"P\u00f6delwitz becomes a \"Place of Democracy\" and receives a Future Forum funded by the Free State of Saxony"},"content":{"rendered":"<p>Heute fand in der Alten Spitzenfabrik in Grimma die feierliche \u00dcbergabe des F\u00f6rdermittelbescheides f\u00fcr das \"Zukunftsforum P\u00f6delwitz\" als einer der dreizehn \"Orte der Demokratie\" durch Staatsministerin Katja Meier (S\u00e4chsisches Staatsministerium der Justiz und f\u00fcr Demokratie, Europa und Gleichstellung) an den Verein P\u00f6delwitz hat Zukunft e. V. statt.<\/p>\n\n\n\n<p>The aim of the Future Forum P\u00f6delwitz is to create a place for democratic discussion, education and joint planning on the further development path of the village and the region. Using democratic didactic methods and measures, all relevant interest groups are to be brought into a constructive exchange in order to realise a successfully lived and participatory democracy and thus have an influence on the entire region. First and foremost, a functioning network is to be created that enables and promotes the exchange of people with each other.<\/p>\n\n\n\n<p>The Future Forum will offer space for a variety of uses. In addition to organisation of educational and cultural events to promote an understanding of democracy, a regional meeting place is to be developed that can be used for village meetings, round tables and working group meetings for citizen participation. Another goal of the Future Forum is the planning, preparation and implementation of a structural change conference with all actors involved.<\/p>\n\n\n\n<p>Unsere Pressemitteilung dazu gibt es hier:<\/p>\n\n\n\n<div data-wp-interactive=\"core\/file\" class=\"wp-block-file\"><object data-wp-bind--hidden=\"!state.hasPdfPreview\" hidden class=\"wp-block-file__embed\" data=\"https:\/\/www.poedelwitz.de\/wp-content\/uploads\/2022\/04\/2022_04_07_Pressemitteilung_-_Orte_der_Demokratie.pdf\" type=\"application\/pdf\" style=\"width:100%;height:600px\" aria-label=\"Embed of Einbettung von 2022_04_07_Pressemitteilung_-_Orte_der_Demokratie..\"><\/object><a id=\"wp-block-file--media-47fe57f8-40cc-4228-ad2f-9bd777ded2ed\" href=\"https:\/\/www.poedelwitz.de\/wp-content\/uploads\/2022\/04\/2022_04_07_Pressemitteilung_-_Orte_der_Demokratie.pdf\">2022_04_07_Pressemitteilung_-_Orte_der_Demokratie<\/a><a href=\"https:\/\/www.poedelwitz.de\/wp-content\/uploads\/2022\/04\/2022_04_07_Pressemitteilung_-_Orte_der_Demokratie.pdf\" class=\"wp-block-file__button\" download aria-describedby=\"wp-block-file--media-47fe57f8-40cc-4228-ad2f-9bd777ded2ed\">Herunterladen<\/a><\/div>","protected":false},"excerpt":{"rendered":"<p>Heute fand in der Alten Spitzenfabrik in Grimma die feierliche \u00dcbergabe des F\u00f6rdermittelbescheides f\u00fcr das &#8220;Zukunftsforum P\u00f6delwitz&#8221; als einer der dreizehn &#8220;Orte der Demokratie&#8221; durch Staatsministerin Katja Meier (S\u00e4chsisches Staatsministerium der Justiz und f\u00fcr Demokratie, Europa und Gleichstellung) an den Verein P\u00f6delwitz hat Zukunft e. V. statt. Ziel des Zukunftsforum P\u00f6delwitz ist es, einen Ort [&hellip;]<\/p>\n","protected":false},"author":1,"featured_media":3959,"comment_status":"open","ping_status":"open","sticky":false,"template":"","format":"standard","meta":{"inline_featured_image":false,"footnotes":""},"categories":[1],"tags":[],"class_list":["post-3922","post","type-post","status-publish","format-standard","has-post-thumbnail","hentry","category-uncategorized"],"_links":{"self":[{"href":"https:\/\/www.poedelwitz.de\/en\/wp-json\/wp\/v2\/posts\/3922","targetHints":{"allow":["GET"]}}],"collection":[{"href":"https:\/\/www.poedelwitz.de\/en\/wp-json\/wp\/v2\/posts"}],"about":[{"href":"https:\/\/www.poedelwitz.de\/en\/wp-json\/wp\/v2\/types\/post"}],"author":[{"embeddable":true,"href":"https:\/\/www.poedelwitz.de\/en\/wp-json\/wp\/v2\/users\/1"}],"replies":[{"embeddable":true,"href":"https:\/\/www.poedelwitz.de\/en\/wp-json\/wp\/v2\/comments?post=3922"}],"version-history":[{"count":5,"href":"https:\/\/www.poedelwitz.de\/en\/wp-json\/wp\/v2\/posts\/3922\/revisions"}],"predecessor-version":[{"id":3962,"href":"https:\/\/www.poedelwitz.de\/en\/wp-json\/wp\/v2\/posts\/3922\/revisions\/3962"}],"wp:featuredmedia":[{"embeddable":true,"href":"https:\/\/www.poedelwitz.de\/en\/wp-json\/wp\/v2\/media\/3959"}],"wp:attachment":[{"href":"https:\/\/www.poedelwitz.de\/en\/wp-json\/wp\/v2\/media?parent=3922"}],"wp:term":[{"taxonomy":"category","embeddable":true,"href":"https:\/\/www.poedelwitz.de\/en\/wp-json\/wp\/v2\/categories?post=3922"},{"taxonomy":"post_tag","embeddable":true,"href":"https:\/\/www.poedelwitz.de\/en\/wp-json\/wp\/v2\/tags?post=3922"}],"curies":[{"name":"wp","href":"https:\/\/api.w.org\/{rel}","templated":true}]}}