{"id":4188,"date":"2022-07-22T18:31:02","date_gmt":"2022-07-22T16:31:02","guid":{"rendered":"https:\/\/www.poedelwitz.de\/?p=4188"},"modified":"2022-07-22T18:31:03","modified_gmt":"2022-07-22T16:31:03","slug":"unser-dorf-hat-zukunft-poedelwitz-erhaelt-starthilfe-vom-landkreis-leipzig","status":"publish","type":"post","link":"https:\/\/www.poedelwitz.de\/en\/unser-dorf-hat-zukunft-poedelwitz-erhaelt-starthilfe-vom-landkreis-leipzig","title":{"rendered":"Unser Dorf hat Zukunft: P\u00f6delwitz erh\u00e4lt Starthilfe vom Landkreis Leipzig"},"content":{"rendered":"<p>Bei dem Wettbewerb \"Unser Dorf hat Zukunft\" wurden wir mit einem Sonderpreis vom Landkreis Leipzig geehrt. Wir sind sehr gl\u00fccklich und stolz \u00fcber die Anerkennung des Landkreises und freuen uns darauf, gemeinsam die Zukunft von P\u00f6delwitz in die Hand zu nehmen und ein soziales und klimagerechtes Modelldorf umzusetzen. Mit dem Sonderpreis freut sich auch unser Dorf \u00fcber einen neuen baum, den wir zusammen mit dem Landrat Henry Graichen einpflanzten.<\/p>","protected":false},"excerpt":{"rendered":"<p>Bei dem Wettbewerb &#8220;Unser Dorf hat Zukunft&#8221; wurden wir mit einem Sonderpreis vom Landkreis Leipzig geehrt. Wir sind sehr gl\u00fccklich und stolz \u00fcber die Anerkennung des Landkreises und freuen uns darauf, gemeinsam die Zukunft von P\u00f6delwitz in die Hand zu nehmen und ein soziales und klimagerechtes Modelldorf umzusetzen. Mit dem Sonderpreis freut sich auch unser [&hellip;]<\/p>\n","protected":false},"author":11,"featured_media":4189,"comment_status":"open","ping_status":"open","sticky":false,"template":"","format":"standard","meta":{"inline_featured_image":false,"footnotes":""},"categories":[1],"tags":[],"class_list":["post-4188","post","type-post","status-publish","format-standard","has-post-thumbnail","hentry","category-uncategorized"],"_links":{"self":[{"href":"https:\/\/www.poedelwitz.de\/en\/wp-json\/wp\/v2\/posts\/4188","targetHints":{"allow":["GET"]}}],"collection":[{"href":"https:\/\/www.poedelwitz.de\/en\/wp-json\/wp\/v2\/posts"}],"about":[{"href":"https:\/\/www.poedelwitz.de\/en\/wp-json\/wp\/v2\/types\/post"}],"author":[{"embeddable":true,"href":"https:\/\/www.poedelwitz.de\/en\/wp-json\/wp\/v2\/users\/11"}],"replies":[{"embeddable":true,"href":"https:\/\/www.poedelwitz.de\/en\/wp-json\/wp\/v2\/comments?post=4188"}],"version-history":[{"count":1,"href":"https:\/\/www.poedelwitz.de\/en\/wp-json\/wp\/v2\/posts\/4188\/revisions"}],"predecessor-version":[{"id":4190,"href":"https:\/\/www.poedelwitz.de\/en\/wp-json\/wp\/v2\/posts\/4188\/revisions\/4190"}],"wp:featuredmedia":[{"embeddable":true,"href":"https:\/\/www.poedelwitz.de\/en\/wp-json\/wp\/v2\/media\/4189"}],"wp:attachment":[{"href":"https:\/\/www.poedelwitz.de\/en\/wp-json\/wp\/v2\/media?parent=4188"}],"wp:term":[{"taxonomy":"category","embeddable":true,"href":"https:\/\/www.poedelwitz.de\/en\/wp-json\/wp\/v2\/categories?post=4188"},{"taxonomy":"post_tag","embeddable":true,"href":"https:\/\/www.poedelwitz.de\/en\/wp-json\/wp\/v2\/tags?post=4188"}],"curies":[{"name":"wp","href":"https:\/\/api.w.org\/{rel}","templated":true}]}}