{"id":4276,"date":"2022-10-28T11:52:04","date_gmt":"2022-10-28T09:52:04","guid":{"rendered":"https:\/\/www.poedelwitz.de\/?p=4276"},"modified":"2023-10-09T22:32:02","modified_gmt":"2023-10-09T20:32:02","slug":"mibrag-lehnt-kaufanfrage-unseres-vereins-ab","status":"publish","type":"post","link":"https:\/\/www.poedelwitz.de\/en\/mibrag-lehnt-kaufanfrage-unseres-vereins-ab","title":{"rendered":"Mibrag lehnt Kaufanfrage unseres Vereins ab, erstes Geb\u00e4ude f\u00e4llt zusammen"},"content":{"rendered":"<p>Am 11. Oktober trafen wir Dr. Kai Steinbach, Kaufm\u00e4nnischer Gesch\u00e4ftsf\u00fchrer der Mibrag und Maik Kunze, B\u00fcrgermeister der Stadt Groitzsch (CDU) im Hauptsitz der Mibrag in Zeitz. Wir haben dort unser Interesse bekundet, zusammen mit der Stiftung trias einen Stra\u00dfenzug zu kaufen, weil wir die sozial-\u00f6kologische Dorfentwicklung voranbringen und das Dorf wiederbeleben wollen. Ziel ist es, ein weit strahlendes Leuchtturmprojekt zu etablieren, ein Modelldorf, das zeigt, wie Landleben in Strukturwandelregionen nachhaltig, sozial und klimagerecht funktionieren kann. \u00dcber 50 vielf\u00e4ltige Unterst\u00fctzungsschreiben von Verb\u00e4nden, Organisationen und Personen aus Politik und Gesellschaft haben unsere Interessensbekundung bekr\u00e4ftigt. (Klick, um zur Liste der Unterst\u00fctzer:innen zu gelangen).<\/p>\n\n\n\n<p>Die Mibrag hat uns eine klare Absage erteilt. Dr. Steinbach hat kein Interesse, an unserem zivilgesellschaftlich organisierten Runden Tischen teilzunehmen, um \u00fcber die leerstehenden Geb\u00e4ude zu verhandeln. Beim Termin wurde uns klar gesagt, dass der Mibrag der Geb\u00e4uderhalt nicht am Herzen liegt. Vielmehr, so Dr. Steinbach, l\u00e4ge es im Interesse des Bergbauunternehmens, das Dorf bis zur Beendigung des an P\u00f6delwitz angrenzenden Tagebaus leer stehen zu lassen. Das w\u00e4re nach aktuellem Stand 2035. Es ist klar, dass bei einem Leerstand \u00fcber einen so langen Zeitraum, die Geb\u00e4udesubstanz aller Geb\u00e4ude ruin\u00f6s ist. Auf die Frage an Maik Kunze, wie er als B\u00fcrgermeister es findet, dass so absehbar Wohnraum seiner Gemeinde verf\u00e4llt, verwies er auf ein Beteiligungsverfahren, dass, wie er sagte, schneller gehen solle:<\/p>\n\n\n\n<p>Die am 01.10.2022 gestartete Strukturentwicklungsgesellschaft (kurz StEG), welche \u00fcber 2 Jahre durch das Bundesprogramm STARK 530 000 Euro erh\u00e4lt, wird sich u.&nbsp;a. um die Beauftragung eines Dorfentwicklungskonzeptes f\u00fcr P\u00f6delwitz k\u00fcmmern. Die Mibrag als gr\u00f6\u00dfter Fl\u00e4cheneigent\u00fcmerin soll dort ebenfalls teilhaben. Dr. Steinbach beh\u00e4lt sich vor am Ende des Planungsprozesses (ca. 2024) auf Grundlage der Ergebnisse zu entscheiden, wie die Mibrag H\u00e4user am besten verwerten kann. Diese Verwertung kann alles bedeuten: Abriss und Neuparzellierung, Vermietung oder Luxussanierung. Wann der Beteiligungsprozess genau startet und ob es eine echte Beteiligung sein wird, ist unklar. Dass am Ende des Beteiligungsprozesses ein Unternehmen die Entscheidungshoheit hat, stellt den Sinn des Verfahrens auf den Pr\u00fcfstand.<\/p>\n\n\n\n<p>DAS HEI\u00dfT, P\u00d6DELWITZ IST NOCH NICHT GERETTET UND HAT DERZEIT KEINE ZUKUNFT! Es gibt keinen klaren Zeitraum und die Chance ist gro\u00df, dass der Prozess, den die Stadt in enger Zusammenarbeit mit der Industrie plant, sich so lange herausz\u00f6gert, dass die teilweise denkmalgesch\u00fctzte Dorfstruktur P\u00f6delwitz nicht erhalten werden kann. Die erste Scheune ist im September mit einem h\u00e4sslichen Krachen zusanmengest\u00fcrzt und immer mehr Geb\u00e4ude zeigen Sch\u00e4den.<\/p>\n\n\n\n<p>Wir als Verein wollen weiterhin den Verfall der Geb\u00e4udestruktur verhindern und gleichzeitig eine soziale und klimagerechte Zukunft f\u00fcr den Ort schaffen.<\/p>\n\n\n\n<p>Diese Verb\u00e4nden, Organisationen und Personen haben uns mit einem Schreiben unterst\u00fctzt:<\/p>\n\n\n\n<ul class=\"wp-block-list\">\n<li>Arbeitsgemeinschaft b\u00e4uerliche Landwirtschaft Mitteldeutschland<\/li>\n\n\n\n<li>Ger\u00fcstbau Tr\u00e4ger<\/li>\n\n\n\n<li>Gohlem - Iniative f\u00fcr Lehmbau und nachhaltige Kreislaufwirtschaft<\/li>\n\n\n\n<li>Dachverband Lehm e.V.<\/li>\n\n\n\n<li>Architects for Future - Regionalgruppe Leipzig<\/li>\n\n\n\n<li>Kinder- und Jugendring Landkreis Leipzig e.V.<\/li>\n\n\n\n<li>Verein f\u00fcr \u00f6kologisches Bauen Leipzig<\/li>\n\n\n\n<li>BUND Sachsen<\/li>\n\n\n\n<li>BUND bundesweit<\/li>\n\n\n\n<li>Bauzirkel Leipzig<\/li>\n\n\n\n<li>Landtagsabgeordneter Daniel Gerber<\/li>\n\n\n\n<li>Dr. Friedericke Habermann<\/li>\n\n\n\n<li>Dr. Sabine Nuss<\/li>\n\n\n\n<li>Dr. Eva von Redecker<\/li>\n\n\n\n<li>Stadtrat und Pfarrer Andreas Dohrn<\/li>\n\n\n\n<li>Alle D\u00f6rfer bleiben<\/li>\n\n\n\n<li>Buirer f\u00fcr Buir<\/li>\n\n\n\n<li>Treibhaus e.V.<\/li>\n\n\n\n<li>KIB e.V. (Leipzig)<\/li>\n\n\n\n<li>fairpla.net<\/li>\n\n\n\n<li>Rosa Luxemburg Stiftung<\/li>\n\n\n\n<li>Commons Instiut e.V.<\/li>\n\n\n\n<li>MitOst<\/li>\n\n\n\n<li>Konzeptwerk Neue \u00d6konomie (Leipzig)<\/li>\n\n\n\n<li>CONTRASTE Monatszeitung f\u00fcr Selbstorganisation (Kassel)<\/li>\n\n\n\n<li>Claudia Schleicher (D\u00fcsseldorf)<\/li>\n\n\n\n<li>Emeritus Professor Linda Connor (Sidney)<\/li>\n\n\n\n<li>Professor James Goodman (Sidney)<\/li>\n<\/ul>","protected":false},"excerpt":{"rendered":"<p>Am 11. Oktober waren wir bei der Mibrag, um eine Kaufanfrage \u00fcber 5 Grundst\u00fccke in P\u00f6delwitz zu stellen. Die Mibrag hat uns eine klare Absage erteilt und den Leerstand favorisiert. B\u00fcrgermeister Kunze leiert ein Beteiligungsverfahren an, das kein echtes Beteiligungsverfahren ist. Mehr zu dem ganzen Thema erf\u00e4hrst du im Blogpost.<\/p>","protected":false},"author":11,"featured_media":4856,"comment_status":"open","ping_status":"open","sticky":false,"template":"","format":"standard","meta":{"inline_featured_image":false,"footnotes":""},"categories":[1],"tags":[],"class_list":["post-4276","post","type-post","status-publish","format-standard","has-post-thumbnail","hentry","category-uncategorized"],"_links":{"self":[{"href":"https:\/\/www.poedelwitz.de\/en\/wp-json\/wp\/v2\/posts\/4276","targetHints":{"allow":["GET"]}}],"collection":[{"href":"https:\/\/www.poedelwitz.de\/en\/wp-json\/wp\/v2\/posts"}],"about":[{"href":"https:\/\/www.poedelwitz.de\/en\/wp-json\/wp\/v2\/types\/post"}],"author":[{"embeddable":true,"href":"https:\/\/www.poedelwitz.de\/en\/wp-json\/wp\/v2\/users\/11"}],"replies":[{"embeddable":true,"href":"https:\/\/www.poedelwitz.de\/en\/wp-json\/wp\/v2\/comments?post=4276"}],"version-history":[{"count":6,"href":"https:\/\/www.poedelwitz.de\/en\/wp-json\/wp\/v2\/posts\/4276\/revisions"}],"predecessor-version":[{"id":4858,"href":"https:\/\/www.poedelwitz.de\/en\/wp-json\/wp\/v2\/posts\/4276\/revisions\/4858"}],"wp:featuredmedia":[{"embeddable":true,"href":"https:\/\/www.poedelwitz.de\/en\/wp-json\/wp\/v2\/media\/4856"}],"wp:attachment":[{"href":"https:\/\/www.poedelwitz.de\/en\/wp-json\/wp\/v2\/media?parent=4276"}],"wp:term":[{"taxonomy":"category","embeddable":true,"href":"https:\/\/www.poedelwitz.de\/en\/wp-json\/wp\/v2\/categories?post=4276"},{"taxonomy":"post_tag","embeddable":true,"href":"https:\/\/www.poedelwitz.de\/en\/wp-json\/wp\/v2\/tags?post=4276"}],"curies":[{"name":"wp","href":"https:\/\/api.w.org\/{rel}","templated":true}]}}