{"id":4288,"date":"2022-10-10T07:58:20","date_gmt":"2022-10-10T05:58:20","guid":{"rendered":"https:\/\/www.poedelwitz.de\/?p=4288"},"modified":"2025-03-31T13:20:56","modified_gmt":"2025-03-31T11:20:56","slug":"visionen-nehmen-form-an-erstes-praxis-modul-unseres-einjaehrigen-kraeutergarten-kurses-am-08-und-09-oktober","status":"publish","type":"post","link":"https:\/\/www.poedelwitz.de\/en\/visionen-nehmen-form-an-erstes-praxis-modul-unseres-einjaehrigen-kraeutergarten-kurses-am-08-und-09-oktober","title":{"rendered":"Visionen nehmen Form an! &#8211; Erstes Praxis-Modul unseres einj\u00e4hrigen Kr\u00e4utergarten-Kurses am 08. und 09. Oktober."},"content":{"rendered":"<p>Aus den Standortanalysen, inspirierenden Bildern und den vielen Ideen und Skizzen des ersten Wochenendes ist ein Plan entstanden, der sich nun durch unser gemeinschaftliches Anpacken von Papier in Backstein, Erde, Totholzhecke und ganz viel Mulch verwandelt hat!<\/p>\n\n\n\n<p>Wir haben zwei erste Beete vollst\u00e4ndig angelegt und bereits mit Kr\u00e4utern bepflanzt \u2013 Ysop, Odermennig, unterschiedliche Salbei-Arten, Bergminze, Wermuth und weitere Heilkr\u00e4uter geh\u00f6ren nun zur P\u00f6delwitzer Dorfgemeinschaft.<\/p>\n\n\n\n<p>Den von Andr\u00e9 und Kristin wieder wunderbar vorbereiteten Theorie-Teil zu Boden, Bodenaufbau und -pflege konnten wir sogleich in die Praxis umsetzen. Alle geplanten Beetstrukturen sind abgemulcht, fertig f\u00fcr das Winterhalbjahr und warten auf ihre weitere Bearbeitung und Bepflanzung beim n\u00e4chsten Modul im Fr\u00fchjahr!<\/p>\n\n\n\n<figure class=\"wp-block-image size-large\"><img decoding=\"async\" width=\"1024\" height=\"1014\" src=\"https:\/\/www.poedelwitz.de\/wp-content\/uploads\/2022\/10\/7656E516-6D42-4B78-BA0B-807A7386877E-1024x1014.jpeg\" alt=\"\" class=\"wp-image-4289\" srcset=\"https:\/\/www.poedelwitz.de\/wp-content\/uploads\/2022\/10\/7656E516-6D42-4B78-BA0B-807A7386877E-1024x1014.jpeg 1024w, https:\/\/www.poedelwitz.de\/wp-content\/uploads\/2022\/10\/7656E516-6D42-4B78-BA0B-807A7386877E-300x297.jpeg 300w, https:\/\/www.poedelwitz.de\/wp-content\/uploads\/2022\/10\/7656E516-6D42-4B78-BA0B-807A7386877E-768x760.jpeg 768w, https:\/\/www.poedelwitz.de\/wp-content\/uploads\/2022\/10\/7656E516-6D42-4B78-BA0B-807A7386877E-1600x1584.jpeg 1600w, https:\/\/www.poedelwitz.de\/wp-content\/uploads\/2022\/10\/7656E516-6D42-4B78-BA0B-807A7386877E-1536x1521.jpeg 1536w, https:\/\/www.poedelwitz.de\/wp-content\/uploads\/2022\/10\/7656E516-6D42-4B78-BA0B-807A7386877E-12x12.jpeg 12w, https:\/\/www.poedelwitz.de\/wp-content\/uploads\/2022\/10\/7656E516-6D42-4B78-BA0B-807A7386877E.jpeg 1920w\" sizes=\"(max-width: 1024px) 100vw, 1024px\" \/><\/figure>\n\n\n\n<figure class=\"wp-block-gallery has-nested-images columns-default is-cropped wp-block-gallery-1 is-layout-flex wp-block-gallery-is-layout-flex\">\n<figure class=\"wp-block-image size-large\"><img decoding=\"async\" width=\"1024\" height=\"679\" data-id=\"5703\" src=\"https:\/\/www.poedelwitz.de\/wp-content\/uploads\/2022\/10\/Essbares-Dorf_Kraeutergarten_Credits-Charollte-Sattler_NUR-fuer-interne-Zwecke-und-Webseite-1-1024x679.jpg\" alt=\"\" class=\"wp-image-5703\" srcset=\"https:\/\/www.poedelwitz.de\/wp-content\/uploads\/2022\/10\/Essbares-Dorf_Kraeutergarten_Credits-Charollte-Sattler_NUR-fuer-interne-Zwecke-und-Webseite-1-1024x679.jpg 1024w, https:\/\/www.poedelwitz.de\/wp-content\/uploads\/2022\/10\/Essbares-Dorf_Kraeutergarten_Credits-Charollte-Sattler_NUR-fuer-interne-Zwecke-und-Webseite-1-300x199.jpg 300w, https:\/\/www.poedelwitz.de\/wp-content\/uploads\/2022\/10\/Essbares-Dorf_Kraeutergarten_Credits-Charollte-Sattler_NUR-fuer-interne-Zwecke-und-Webseite-1-768x509.jpg 768w, https:\/\/www.poedelwitz.de\/wp-content\/uploads\/2022\/10\/Essbares-Dorf_Kraeutergarten_Credits-Charollte-Sattler_NUR-fuer-interne-Zwecke-und-Webseite-1-1536x1019.jpg 1536w, https:\/\/www.poedelwitz.de\/wp-content\/uploads\/2022\/10\/Essbares-Dorf_Kraeutergarten_Credits-Charollte-Sattler_NUR-fuer-interne-Zwecke-und-Webseite-1-2048x1358.jpg 2048w\" sizes=\"(max-width: 1024px) 100vw, 1024px\" \/><\/figure>\n<\/figure>\n\n\n\n<p>Foto: Charlotte Sattler<\/p>","protected":false},"excerpt":{"rendered":"<p>Aus den Standortanalysen, inspirierenden Bildern und den vielen Ideen und Skizzen des ersten Wochenendes ist ein Plan entstanden, der sich nun durch unser gemeinschaftliches Anpacken von Papier in Backstein, Erde, Totholzhecke und ganz viel Mulch verwandelt hat! Wir haben zwei erste Beete vollst\u00e4ndig angelegt und bereits mit Kr\u00e4utern bepflanzt \u2013 Ysop, Odermennig, unterschiedliche Salbei-Arten, Bergminze, [&hellip;]<\/p>\n","protected":false},"author":11,"featured_media":4290,"comment_status":"open","ping_status":"open","sticky":false,"template":"","format":"standard","meta":{"inline_featured_image":false,"footnotes":""},"categories":[1],"tags":[],"class_list":["post-4288","post","type-post","status-publish","format-standard","has-post-thumbnail","hentry","category-uncategorized"],"_links":{"self":[{"href":"https:\/\/www.poedelwitz.de\/en\/wp-json\/wp\/v2\/posts\/4288","targetHints":{"allow":["GET"]}}],"collection":[{"href":"https:\/\/www.poedelwitz.de\/en\/wp-json\/wp\/v2\/posts"}],"about":[{"href":"https:\/\/www.poedelwitz.de\/en\/wp-json\/wp\/v2\/types\/post"}],"author":[{"embeddable":true,"href":"https:\/\/www.poedelwitz.de\/en\/wp-json\/wp\/v2\/users\/11"}],"replies":[{"embeddable":true,"href":"https:\/\/www.poedelwitz.de\/en\/wp-json\/wp\/v2\/comments?post=4288"}],"version-history":[{"count":3,"href":"https:\/\/www.poedelwitz.de\/en\/wp-json\/wp\/v2\/posts\/4288\/revisions"}],"predecessor-version":[{"id":5704,"href":"https:\/\/www.poedelwitz.de\/en\/wp-json\/wp\/v2\/posts\/4288\/revisions\/5704"}],"wp:featuredmedia":[{"embeddable":true,"href":"https:\/\/www.poedelwitz.de\/en\/wp-json\/wp\/v2\/media\/4290"}],"wp:attachment":[{"href":"https:\/\/www.poedelwitz.de\/en\/wp-json\/wp\/v2\/media?parent=4288"}],"wp:term":[{"taxonomy":"category","embeddable":true,"href":"https:\/\/www.poedelwitz.de\/en\/wp-json\/wp\/v2\/categories?post=4288"},{"taxonomy":"post_tag","embeddable":true,"href":"https:\/\/www.poedelwitz.de\/en\/wp-json\/wp\/v2\/tags?post=4288"}],"curies":[{"name":"wp","href":"https:\/\/api.w.org\/{rel}","templated":true}]}}