{"id":4626,"date":"2023-04-10T10:13:18","date_gmt":"2023-04-10T08:13:18","guid":{"rendered":"https:\/\/www.poedelwitz.de\/?p=4626"},"modified":"2023-04-19T12:28:39","modified_gmt":"2023-04-19T10:28:39","slug":"kaffee-kuchen-fuer-interessierte-aus-groitzsch-umland","status":"publish","type":"post","link":"https:\/\/www.poedelwitz.de\/en\/kaffee-kuchen-fuer-interessierte-aus-groitzsch-umland","title":{"rendered":"Kaffee &#038; Kuchen f\u00fcr Interessierte aus Groitzsch &#038; Umland"},"content":{"rendered":"<p><em>Der 09. April 2023 war nicht nur Ostersonntag, sondern auch der Auftakt f\u00fcr den P\u00f6delwitzer Kuchensonntag. Bei sch\u00f6nstem Sonnenschein gab es ab 15:00 Uhr ein buntes Kuchenbuffet, Kaffee, Tee und Limonade.<\/em><\/p>\n\n\n\n<p>Interessierte aus der Region Groitzsch, dem Umland und anderen Orten sind von April bis Oktober einmal monatlich herzlich nach P\u00f6delwitz zu Kaffee und Kuchen eingeladen. Ob Dorfbewohner:in, P\u00f6delwitz-Interessierte, ehemalige P\u00f6delwitzer:in oder Sonntagsausfl\u00fcgler:in \u2013 das Angebot ist offen f\u00fcr alle und funktioniert auf Spendenbasis.<\/p>\n\n\n\n<p>Der erste Kuchensonntag des Jahres hat uns gezeigt, wie viel Interesse in der Region f\u00fcr P\u00f6delwitz, dessen aktuelle Situation und f\u00fcr die Entwicklung des Dorfes vorhanden ist. Denn an diesem Tag haben wir viele spannende Fragen rund um P\u00f6delwitz beantwortet. Und auch der Mitteldeutsche Rundfunk war vor Ort \u2013 nicht allein, um leckeren Kuchen zu essen, sondern auch f\u00fcr einen kurzen Bericht im MDR Sachsenspiegel. Immer wieder zeigt sich: P\u00f6delwitz, das Dorf das so verlassen scheint, begeistert und regt zum Tr\u00e4umen an.  Die Vision eines sozial und \u00f6kologisch nachhaltigem, d\u00f6rflichem Miteinander findet immer mehr Zuspruch. Aufgrund des gro\u00dfen Interesses schlossen wir uns abschlie\u00dfend zu einem spontanen Dorfrundgang durch P\u00f6delwitz zusammen. Wer wollte, konnte nat\u00fcrlich auch beim Kuchenbuffet bleiben und hier die Sonne genie\u00dfen. Vor allem f\u00fcr unsere jungen G\u00e4ste gab es au\u00dferdem eine Bastelstation, an der sie nach Herzenslust mit \u00f6kologischen Farben malen und Modellbau mit Lehm ausprobieren konnten. Obendrein konnten hier Saatbomben hergestellt werden, mit denen die Kinder ihre Umgebung zum Bl\u00fchen bringen.<\/p>\n\n\n\n<p>Wir freuen uns auch zuk\u00fcnftig \u00fcber alle gro\u00dfen, kleinen, jungen und alten Besucher:innen, deren Weg nach P\u00f6delwitz f\u00fchrt und die Lust haben, sich bei Kaffee, Tee und Kuchen auszutauschen. Der n\u00e4chste Kuchensonntag findet am 14. Mai statt - wie gehabt am Nachmittag in der Dorfmitte. <\/p>\n\n\n\n<figure class=\"wp-block-image size-large is-resized\"><img decoding=\"async\" src=\"https:\/\/www.poedelwitz.de\/wp-content\/uploads\/2022\/09\/03_Abbildungsdatei_Orte_der_Demokratie_1-1024x286.jpg\" alt=\"\" class=\"wp-image-4256\" width=\"311\" height=\"87\"\/><\/figure>","protected":false},"excerpt":{"rendered":"<p>Der 09. April 2023 war nicht nur Ostersonntag, sondern auch der Auftakt f\u00fcr den P\u00f6delwitzer Kuchensonntag. Bei sch\u00f6nstem Sonnenschein gab es ab 15:00 Uhr ein buntes Kuchenbuffet, Kaffee, Tee und Limonade.<\/p>","protected":false},"author":20,"featured_media":4627,"comment_status":"open","ping_status":"open","sticky":false,"template":"","format":"standard","meta":{"inline_featured_image":false,"footnotes":""},"categories":[1],"tags":[],"class_list":["post-4626","post","type-post","status-publish","format-standard","has-post-thumbnail","hentry","category-uncategorized"],"_links":{"self":[{"href":"https:\/\/www.poedelwitz.de\/en\/wp-json\/wp\/v2\/posts\/4626","targetHints":{"allow":["GET"]}}],"collection":[{"href":"https:\/\/www.poedelwitz.de\/en\/wp-json\/wp\/v2\/posts"}],"about":[{"href":"https:\/\/www.poedelwitz.de\/en\/wp-json\/wp\/v2\/types\/post"}],"author":[{"embeddable":true,"href":"https:\/\/www.poedelwitz.de\/en\/wp-json\/wp\/v2\/users\/20"}],"replies":[{"embeddable":true,"href":"https:\/\/www.poedelwitz.de\/en\/wp-json\/wp\/v2\/comments?post=4626"}],"version-history":[{"count":3,"href":"https:\/\/www.poedelwitz.de\/en\/wp-json\/wp\/v2\/posts\/4626\/revisions"}],"predecessor-version":[{"id":4646,"href":"https:\/\/www.poedelwitz.de\/en\/wp-json\/wp\/v2\/posts\/4626\/revisions\/4646"}],"wp:featuredmedia":[{"embeddable":true,"href":"https:\/\/www.poedelwitz.de\/en\/wp-json\/wp\/v2\/media\/4627"}],"wp:attachment":[{"href":"https:\/\/www.poedelwitz.de\/en\/wp-json\/wp\/v2\/media?parent=4626"}],"wp:term":[{"taxonomy":"category","embeddable":true,"href":"https:\/\/www.poedelwitz.de\/en\/wp-json\/wp\/v2\/categories?post=4626"},{"taxonomy":"post_tag","embeddable":true,"href":"https:\/\/www.poedelwitz.de\/en\/wp-json\/wp\/v2\/tags?post=4626"}],"curies":[{"name":"wp","href":"https:\/\/api.w.org\/{rel}","templated":true}]}}