{"id":4689,"date":"2023-05-29T18:22:18","date_gmt":"2023-05-29T16:22:18","guid":{"rendered":"https:\/\/www.poedelwitz.de\/?p=4689"},"modified":"2025-03-31T12:51:29","modified_gmt":"2025-03-31T10:51:29","slug":"schulanfang-in-poedelwitz","status":"publish","type":"post","link":"https:\/\/www.poedelwitz.de\/en\/schulanfang-in-poedelwitz","title":{"rendered":"Schulanfang in P\u00f6delwitz?!"},"content":{"rendered":"<p>Ein Schulanfang, so fr\u00fch - und in P\u00f6delwitz? Die alte Schule hat doch schon seit DDR-Zeiten geschlossen!<\/p>\n\n\n\n<p>Am Samstag den 27.5. hatte die \"Schule des Lehms\" ihren ersten Unterrichtstag. F\u00fcr unsere ersten Lehrstunden mit Dietmar Sch\u00e4fer vom Naturfreunde- und Heimatverein Groitzsch brauchten wir zum Gl\u00fcck noch kein Klassenzimmer, denn das w\u00e4re in P\u00f6delwitz bekanntlich trotz der vielen leerstehenden Geb\u00e4ude nicht verf\u00fcgbar. <\/p>\n\n\n\n<p>Stattdessen bauten wir mit dem erfahrenen Lehmbau(lehr)er und Heimatforscher drau\u00dfen bei sch\u00f6nstem Sonnenschein eine Sitzbank und Insekten-Wand in der regional typischen, historischen Wellerlehmbauweise in unseren gerade entstehenden \u00f6ffentlichen Heilkr\u00e4utergarten.<\/p>\n\n\n\n<p>Die flei\u00dfigen Sch\u00fclerinnen und Sch\u00fcler bekamen allesamt ein Bienchen - denn die ersten erdnistenden Bienen begutachteten ihre zuk\u00fcnftige Nistm\u00f6glichkeit noch w\u00e4hrend des Baus!<\/p>\n\n\n\n<p>Wir freuen uns sehr \u00fcber diesen gelungenen Auftakt und auf weitere Bildungs- und Beratungsangebote rund um Lehmbau. Wir wollen das Wissen um diese ebenso traditionelle wie zukunftsf\u00e4hige Bauweise lebendig halten und setzen uns f\u00fcr die Bewahrung des Lehmbau-Bestands in P\u00f6delwitz und der Region ein.<\/p>\n\n\n\n<p>Ihnen ist als Bewohner*in oder Besitzer*in die Pflege eines Lehmhauses vertraut oder Sie haben eine Frage, brauchen Beratung oder Unterst\u00fctzung? Kontaktieren Sie uns gern unter <a href=\"\/\"  class=\"mailcrypt\">lehm<span><span>\u2202<\/span><\/span>poedelwitz.de<\/a><\/p>\n\n\n\n<p><a href=\"https:\/\/www.poedelwitz.de\/de\/projects\/schule-des-lehms-zentrum-fuer-nachhaltige-baukultur\/\">Schule des Lehms. Zentrum f\u00fcr nachhaltige (Bau)Kultur<\/a> - Eine Kooperation zwischen dem P\u00f6delwitz hat Zukunft e.V., dem Naturfreunde- und Heimatverein Groitzsch und dem Verein f\u00fcr \u00f6kologisches Bauen Leipzig.<\/p>\n\n\n\n<p><\/p>\n\n\n\n<div class=\"wp-block-uagb-image uagb-block-fa0c468d wp-block-uagb-image--layout-default wp-block-uagb-image--effect-static wp-block-uagb-image--align-none\"><figure class=\"wp-block-uagb-image__figure\"><img decoding=\"async\" srcset=\"https:\/\/www.poedelwitz.de\/wp-content\/uploads\/2023\/05\/IMG_5116-1-682x1024.jpg \" sizes=\"auto, (max-width: 480px) 150px\" src=\"https:\/\/www.poedelwitz.de\/wp-content\/uploads\/2023\/05\/IMG_5116-1-682x1024.jpg\" alt=\"\" class=\"uag-image-4692\" width=\"682\" height=\"1024\" title=\"\" loading=\"lazy\"\/><\/figure><\/div>\n\n\n\n<div class=\"wp-block-uagb-image uagb-block-88fa5d5d wp-block-uagb-image--layout-default wp-block-uagb-image--effect-static wp-block-uagb-image--align-none\"><figure class=\"wp-block-uagb-image__figure\"><img decoding=\"async\" srcset=\"https:\/\/www.poedelwitz.de\/wp-content\/uploads\/2023\/05\/IMG_5122s-1024x682.jpg \" sizes=\"auto, (max-width: 480px) 150px\" src=\"https:\/\/www.poedelwitz.de\/wp-content\/uploads\/2023\/05\/IMG_5122s-1024x682.jpg\" alt=\"\" class=\"uag-image-4693\" width=\"1024\" height=\"682\" title=\"\" loading=\"lazy\"\/><\/figure><\/div>","protected":false},"excerpt":{"rendered":"<p>Am Samstag, 27.5. hatte die \u201eSchule des Lehms\u201c ihren ersten Unterrichtstag in P\u00f6delwitz. Es wurde eine Sitzbank und Insekten-Wand in der regional typischen, historischen Wellerlehmbauweise gebaut. Ein gelungener Auftakt mit Lust auf weitere Unterrichtsstunden.<\/p>","protected":false},"author":16,"featured_media":5684,"comment_status":"open","ping_status":"open","sticky":false,"template":"","format":"standard","meta":{"inline_featured_image":false,"footnotes":""},"categories":[1],"tags":[],"class_list":["post-4689","post","type-post","status-publish","format-standard","has-post-thumbnail","hentry","category-uncategorized"],"_links":{"self":[{"href":"https:\/\/www.poedelwitz.de\/en\/wp-json\/wp\/v2\/posts\/4689","targetHints":{"allow":["GET"]}}],"collection":[{"href":"https:\/\/www.poedelwitz.de\/en\/wp-json\/wp\/v2\/posts"}],"about":[{"href":"https:\/\/www.poedelwitz.de\/en\/wp-json\/wp\/v2\/types\/post"}],"author":[{"embeddable":true,"href":"https:\/\/www.poedelwitz.de\/en\/wp-json\/wp\/v2\/users\/16"}],"replies":[{"embeddable":true,"href":"https:\/\/www.poedelwitz.de\/en\/wp-json\/wp\/v2\/comments?post=4689"}],"version-history":[{"count":6,"href":"https:\/\/www.poedelwitz.de\/en\/wp-json\/wp\/v2\/posts\/4689\/revisions"}],"predecessor-version":[{"id":5686,"href":"https:\/\/www.poedelwitz.de\/en\/wp-json\/wp\/v2\/posts\/4689\/revisions\/5686"}],"wp:featuredmedia":[{"embeddable":true,"href":"https:\/\/www.poedelwitz.de\/en\/wp-json\/wp\/v2\/media\/5684"}],"wp:attachment":[{"href":"https:\/\/www.poedelwitz.de\/en\/wp-json\/wp\/v2\/media?parent=4689"}],"wp:term":[{"taxonomy":"category","embeddable":true,"href":"https:\/\/www.poedelwitz.de\/en\/wp-json\/wp\/v2\/categories?post=4689"},{"taxonomy":"post_tag","embeddable":true,"href":"https:\/\/www.poedelwitz.de\/en\/wp-json\/wp\/v2\/tags?post=4689"}],"curies":[{"name":"wp","href":"https:\/\/api.w.org\/{rel}","templated":true}]}}