{"id":4714,"date":"2023-06-09T15:05:58","date_gmt":"2023-06-09T13:05:58","guid":{"rendered":"https:\/\/www.poedelwitz.de\/?p=4714"},"modified":"2024-04-19T09:56:21","modified_gmt":"2024-04-19T07:56:21","slug":"poedelwitz-auf-die-ohren","status":"publish","type":"post","link":"https:\/\/www.poedelwitz.de\/en\/poedelwitz-auf-die-ohren","title":{"rendered":"P\u00d6DELWITZ AUF DIE OHREN"},"content":{"rendered":"<h2 class=\"wp-block-heading\">Es gibt gleich zwei H\u00f6rst\u00fccke \u00fcber P\u00f6delwitz und unseren Prozess, die wir euch ans Herz legen wollen:<\/h2>\n\n\n\n<p><strong>Zum einen hat unser Vereinsmitglied Kea ein k\u00fcnstlerisches Feature f\u00fcr das Rundfunk-Kombinat Sachsen aufgenommen. In dem St\u00fcck blickt sie als Vereinsmitglied und P\u00f6delwitzerin auf den Ort \u201eim Dazwischen\u201c. Kea zieht dabei Parallelen zwischen den \u00fcberall wuchernden Farnen und Brombeeren zu unserer Arbeit: Genauso wie sich das Gr\u00fcn \u00fcberall zwischen den H\u00e4usern und Betondecken seinen Platz sucht, so suchen wir Freir\u00e4ume und M\u00f6glichkeiten, um unsere Visionen umzusetzen. Ein h\u00f6renswertes Radiofeature, dass ihr gleich hier anh\u00f6ren k\u00f6nnt:<\/strong><\/p>\n\n\n\n<div class=\"wp-block-columns is-layout-flex wp-container-core-columns-is-layout-9d6595d7 wp-block-columns-is-layout-flex\">\n<div class=\"wp-block-column is-layout-flow wp-block-column-is-layout-flow\">\n<figure class=\"wp-block-audio\"><audio controls src=\"https:\/\/www.poedelwitz.de\/wp-content\/uploads\/2023\/06\/23_FeatureOdDPoedelwitz_RadioBlau.mp3\"><\/audio><\/figure>\n<\/div>\n\n\n\n<div class=\"wp-block-column is-layout-flow wp-block-column-is-layout-flow\"><\/div>\n<\/div>\n\n\n\n<p><strong>Au\u00dferdem ist P\u00f6delwitz Thema der neusten Folge des Podcasts \u201eWir im Wandel\u201c von der Bundeszentrale f\u00fcr Politische Bildung. In der Folge gibt Sonja Ernst einen Einblick in die Geschichte des Widerstandes, die Vereinsgr\u00fcndung und unseren aktuellen Prozess. Die Stimmen von unseren Vereinsmitgliedern Franzi, Jens und Matthias werden erg\u00e4nzt durch Expertenstimmen und Infos zum Strukturwandel. Der Podcast zeigt differenziert die Chancen und Probleme denen wir in P\u00f6delwitz im Strukturwandel begegnen. Ihr findet den Podcast und Links zu allen m\u00f6glichen Podcast-Plattformen hier:<\/strong><\/p>\n\n\n\n<p><a href=\"https:\/\/www.bpb.de\/themen\/wirtschaft\/wirimwandel\/521538\/kohleausstieg-ein-gerettetes-dorf-will-eine-zukunft\/\" target=\"_blank\" rel=\"noopener\" title=\"\">PODCAST WIR IM WANDEL<\/a><\/p>","protected":false},"excerpt":{"rendered":"<p>Es gibt gleich zwei H\u00f6rst\u00fccke \u00fcber P\u00f6delwitz und unseren Prozess, die wir euch ans Herz legen wollen. Ein k\u00fcnstlerisches St\u00fcck gibt Einblick in unseren Prozess aus Sicht eines Vereinsmitglieds. Ein Podcast der Bundeszentrale f\u00fcr Politische Bildung gibt einen generellen \u00dcberblick.<\/p>","protected":false},"author":11,"featured_media":4724,"comment_status":"open","ping_status":"open","sticky":false,"template":"","format":"standard","meta":{"inline_featured_image":false,"footnotes":""},"categories":[1],"tags":[],"class_list":["post-4714","post","type-post","status-publish","format-standard","has-post-thumbnail","hentry","category-uncategorized"],"_links":{"self":[{"href":"https:\/\/www.poedelwitz.de\/en\/wp-json\/wp\/v2\/posts\/4714","targetHints":{"allow":["GET"]}}],"collection":[{"href":"https:\/\/www.poedelwitz.de\/en\/wp-json\/wp\/v2\/posts"}],"about":[{"href":"https:\/\/www.poedelwitz.de\/en\/wp-json\/wp\/v2\/types\/post"}],"author":[{"embeddable":true,"href":"https:\/\/www.poedelwitz.de\/en\/wp-json\/wp\/v2\/users\/11"}],"replies":[{"embeddable":true,"href":"https:\/\/www.poedelwitz.de\/en\/wp-json\/wp\/v2\/comments?post=4714"}],"version-history":[{"count":9,"href":"https:\/\/www.poedelwitz.de\/en\/wp-json\/wp\/v2\/posts\/4714\/revisions"}],"predecessor-version":[{"id":5165,"href":"https:\/\/www.poedelwitz.de\/en\/wp-json\/wp\/v2\/posts\/4714\/revisions\/5165"}],"wp:featuredmedia":[{"embeddable":true,"href":"https:\/\/www.poedelwitz.de\/en\/wp-json\/wp\/v2\/media\/4724"}],"wp:attachment":[{"href":"https:\/\/www.poedelwitz.de\/en\/wp-json\/wp\/v2\/media?parent=4714"}],"wp:term":[{"taxonomy":"category","embeddable":true,"href":"https:\/\/www.poedelwitz.de\/en\/wp-json\/wp\/v2\/categories?post=4714"},{"taxonomy":"post_tag","embeddable":true,"href":"https:\/\/www.poedelwitz.de\/en\/wp-json\/wp\/v2\/tags?post=4714"}],"curies":[{"name":"wp","href":"https:\/\/api.w.org\/{rel}","templated":true}]}}