{"id":4739,"date":"2023-06-22T19:39:41","date_gmt":"2023-06-22T17:39:41","guid":{"rendered":"https:\/\/www.poedelwitz.de\/?p=4739"},"modified":"2023-07-02T13:35:21","modified_gmt":"2023-07-02T11:35:21","slug":"fest-zur-einjaehrigen-gelebten-demokratie-in-poedelwitz","status":"publish","type":"post","link":"https:\/\/www.poedelwitz.de\/en\/fest-zur-einjaehrigen-gelebten-demokratie-in-poedelwitz","title":{"rendered":"Fest zur einj\u00e4hrigen, gelebten Demokratie in P\u00f6delwitz"},"content":{"rendered":"<p><\/p>\n\n\n\n<p>Am vergangenen Samstag feierten wir das einj\u00e4hrige Jubil\u00e4um als <a href=\"https:\/\/www.poedelwitz.de\/de\/2022\/04\/07\/poedelwitz-wird-ein-ort-der-demokratie-und-erhaelt-ein-vom-freistaat-sachsen-gefoerdertes-zukunftsforum\/\" title=\"P\u00f6delwitz wird ein \u201cOrt der Demokratie\u201d und erh\u00e4lt ein vom Freistaat Sachsen gef\u00f6rdertes Zukunftsforum\">Ort der Demokratie<\/a> in P\u00f6delwitz. Da P\u00f6delwitz und seine Strukturwandelangelegenheiten viele bewegt und betrifft, haben wir ein buntes Publikum eingeladen. Sie alle verbinden Anliegen rund um P\u00f6delwitz.<\/p>\n\n\n\n<p>Nach dem traditionellen Dorfrundgang von Jens Hausner, wurde sich im Festzelt versammelt. Etwas Schatten gaben die Zelte, trotzdem war der Sommer an diesem Tag nicht wegzudenken. Es folgte ein spannender Redebeitrag von Thomas Zschornak (ehem. B\u00fcrgermeister) aus dem, in der Oberlausitz liegenden, Dorf Nebelsch\u00fctz. Das sorbisch gepr\u00e4gte Dorf hat sich Nachhaltigkeit unter dem Schlagwort \u201eEnkeltauglichkeit\u201c auf die Fahnen geschrieben. Thomas erz\u00e4hlte uns, wie das geht und dr\u00fcckt seine Solidarit\u00e4t gegen\u00fcber P\u00f6delwitz aus. Aus seiner Sicht waren damals f\u00fcr Nebelsch\u00fctz und sind heute f\u00fcr P\u00f6delwitz Menschen essenziell, die Mut haben und sagen \u201ewir machen das schon!\u201c. Au\u00dferdem sei es unabdingbar, Orte zu schaffen, an denen sich Menschen treffen k\u00f6nnen.\u00a0 Zwischen den Redebeitr\u00e4gen brachten uns Kinder zum Schmunzeln, die mit einem Spielzeugbagger das Mikrophon umrundeten. Dabei riefen sie freudig: \u201ejetzt wird P\u00f6delwitz abgebaggert\u201c. Anschlie\u00dfend erz\u00e4hlte Jana Gebauer von der Hochschule Hannover \u00fcber das Projekt \"Zukunftsf\u00e4higes Dorf 2035\". Es ging um D\u00f6rfer und deren alternative Weisen des Wirtschaftens, Arbeitens und Lebens. Laut Jana ist es bei transformativen Prozessen entscheidend, WER sich f\u00fcr den Wandel einsetzt und WIE gehandelt wird. Diversit\u00e4t ist unabdingbar. Zweitrangig ist hingegen, WAS getan wird. Es folgten Anekdoten zur Widerstandsgeschichte des Dorfes P\u00f6delwitz. P\u00f6delwitz sollte weg? Wie war das nochmal? Wie sind wir hier gelandet, wo stehen wir heute?<\/p>\n\n\n\n<figure class=\"wp-block-gallery has-nested-images columns-default is-cropped wp-block-gallery-1 is-layout-flex wp-block-gallery-is-layout-flex\">\n<figure class=\"wp-block-image size-large\"><img decoding=\"async\" width=\"1024\" height=\"576\" data-id=\"4757\" src=\"https:\/\/www.poedelwitz.de\/wp-content\/uploads\/2023\/06\/IMG_2891-3-1024x576.jpeg\" alt=\"\" class=\"wp-image-4757\" srcset=\"https:\/\/www.poedelwitz.de\/wp-content\/uploads\/2023\/06\/IMG_2891-3-1024x576.jpeg 1024w, https:\/\/www.poedelwitz.de\/wp-content\/uploads\/2023\/06\/IMG_2891-3-300x169.jpeg 300w, https:\/\/www.poedelwitz.de\/wp-content\/uploads\/2023\/06\/IMG_2891-3-768x432.jpeg 768w, https:\/\/www.poedelwitz.de\/wp-content\/uploads\/2023\/06\/IMG_2891-3-1536x864.jpeg 1536w, https:\/\/www.poedelwitz.de\/wp-content\/uploads\/2023\/06\/IMG_2891-3-2048x1152.jpeg 2048w, https:\/\/www.poedelwitz.de\/wp-content\/uploads\/2023\/06\/IMG_2891-3-18x10.jpeg 18w, https:\/\/www.poedelwitz.de\/wp-content\/uploads\/2023\/06\/IMG_2891-3-1600x900.jpeg 1600w\" sizes=\"(max-width: 1024px) 100vw, 1024px\" \/><\/figure>\n\n\n\n<figure class=\"wp-block-image size-large\"><img decoding=\"async\" width=\"1024\" height=\"747\" data-id=\"4749\" src=\"https:\/\/www.poedelwitz.de\/wp-content\/uploads\/2023\/06\/20230617_193146b-1024x747.jpg\" alt=\"\" class=\"wp-image-4749\" srcset=\"https:\/\/www.poedelwitz.de\/wp-content\/uploads\/2023\/06\/20230617_193146b-1024x747.jpg 1024w, https:\/\/www.poedelwitz.de\/wp-content\/uploads\/2023\/06\/20230617_193146b-300x219.jpg 300w, https:\/\/www.poedelwitz.de\/wp-content\/uploads\/2023\/06\/20230617_193146b-768x560.jpg 768w, https:\/\/www.poedelwitz.de\/wp-content\/uploads\/2023\/06\/20230617_193146b-1536x1120.jpg 1536w, https:\/\/www.poedelwitz.de\/wp-content\/uploads\/2023\/06\/20230617_193146b-2048x1494.jpg 2048w, https:\/\/www.poedelwitz.de\/wp-content\/uploads\/2023\/06\/20230617_193146b-16x12.jpg 16w, https:\/\/www.poedelwitz.de\/wp-content\/uploads\/2023\/06\/20230617_193146b-1600x1167.jpg 1600w\" sizes=\"(max-width: 1024px) 100vw, 1024px\" \/><\/figure>\n\n\n\n<figure class=\"wp-block-image size-large\"><img decoding=\"async\" width=\"1024\" height=\"829\" data-id=\"4745\" src=\"https:\/\/www.poedelwitz.de\/wp-content\/uploads\/2023\/06\/20230617_201415b-1-1024x829.jpg\" alt=\"\" class=\"wp-image-4745\" srcset=\"https:\/\/www.poedelwitz.de\/wp-content\/uploads\/2023\/06\/20230617_201415b-1-1024x829.jpg 1024w, https:\/\/www.poedelwitz.de\/wp-content\/uploads\/2023\/06\/20230617_201415b-1-300x243.jpg 300w, https:\/\/www.poedelwitz.de\/wp-content\/uploads\/2023\/06\/20230617_201415b-1-768x622.jpg 768w, https:\/\/www.poedelwitz.de\/wp-content\/uploads\/2023\/06\/20230617_201415b-1-1536x1244.jpg 1536w, https:\/\/www.poedelwitz.de\/wp-content\/uploads\/2023\/06\/20230617_201415b-1-2048x1658.jpg 2048w, https:\/\/www.poedelwitz.de\/wp-content\/uploads\/2023\/06\/20230617_201415b-1-15x12.jpg 15w, https:\/\/www.poedelwitz.de\/wp-content\/uploads\/2023\/06\/20230617_201415b-1-1600x1296.jpg 1600w\" sizes=\"(max-width: 1024px) 100vw, 1024px\" \/><\/figure>\n<\/figure>\n\n\n\n<p>Der Nachmittag gab Raum f\u00fcr Austausch, hei\u00dfe und kalte Getr\u00e4nke und leckere Speisen. Einige Kinder sprangen zur Abk\u00fchlung in den angrenzenden Bach. Zum fr\u00fchen Abend wurde sich in der Kirche versammelt. \u00dcber 20 Chors\u00e4nger*innen des Gemischten Neukieritzscher Chors brachten Musik und Lebendigkeit in das alte Gem\u00e4uer. Ihre Lieder waren dabei so bunt wie das Publikum. Sie sangen Volkslieder, Romanzen und ein franz\u00f6sisches Trinklied. Es wurde gelacht, geschunkelt und mitgesungen. Sie erz\u00e4hlten uns: fr\u00fcher habe man \u00fcberall auf den D\u00f6rfern gesungen, heute passiere das kaum noch. Damit geben Sie uns Mut und Zuversicht f\u00fcr P\u00f6delwitz\u2018 Zukunft.<\/p>\n\n\n\n<p>Zur\u00fcck auf dem Dorfplatz wurde bei Pizza und indischem Curry zusammen gesessen. Und dann wurden H\u00fcften geschwungen zur Musik der Leipziger Funk-Band Moody Selected. Es hei\u00dft, in P\u00f6delwitz habe man immer viel gefeiert, bevor die Umsiedelung begann. Wer an diesem Abend so durch die Reihen blickte, sp\u00fcrte die Freude am geselligen Miteinander. Es bleibt zu hoffen, dass Feste wie dieses wieder Normalit\u00e4t in P\u00f6delwitz werden.<\/p>\n\n\n\n<p>Wir danken allen, die mit uns diesen besonderen Tag zelebrierten und durch ihre Anwesenheit einen Teil zum Fest beigetragen haben. Unter den G\u00e4sten war die alteingesessene und neue Dorfgemeinschaft, unsere Vereinsmitglieder, langj\u00e4hrigen Unterst\u00fctzer*innen der Prozesse des Dorfes, Vertreter*innen und Freund*innen von Kirchgemeinschaft und Umweltverb\u00e4nden,\u00a0Denkmalschutznetz, Vertreter*innen aus der Forschung in den Bereichen Strukturwandel und Transformation, dem Netzwerk der Orte der Demokratie in Sachsen, dem S\u00e4chsisches Staatsministerium der Justiz und f\u00fcr Demokratie, Europa und Gleichstellung, Verb\u00fcndete aus Nebelsch\u00fctz, Politiker*Innen aus dem Landtag Sachsen, Kreisrat Landkreis Leipzig und Stadtrat Leipzig, der Groitzscher B\u00fcrgermeister Maik Kunze, der Gesch\u00e4ftsf\u00fchrer der Strukurwandelentwicklungsgesellschaft Thomas Hellriegel und viele mehr. F\u00fcr die Neugestaltung und Wiederbelebung des Dorfes m\u00fcssen wir nicht nur viele, sondern auch vielf\u00e4ltig sein. So wie es Jana Gebauer in ihrem Redebeitrag die Relevanz des Miteinanders betonte, so war dies ein Fest in dem die Vielfalt in P\u00f6delwitz lebendig wurde. Zum einj\u00e4hrigen Jubil\u00e4um als ein Ort der Demokratie in Sachsen danken wir auch allen, die mit uns und ihren individuellen F\u00e4higkeiten, seit langem oder kurzem, in P\u00f6delwitz selber Demokratie machen.<\/p>\n\n\n\n<figure class=\"wp-block-gallery has-nested-images columns-default is-cropped wp-block-gallery-2 is-layout-flex wp-block-gallery-is-layout-flex\">\n<figure class=\"wp-block-image size-large\"><img decoding=\"async\" data-id=\"4756\" src=\"https:\/\/www.poedelwitz.de\/wp-content\/uploads\/2023\/06\/IMG_7834b-3.jpg\" alt=\"\" class=\"wp-image-4756\"\/><\/figure>\n\n\n\n<figure class=\"wp-block-image size-large\"><img decoding=\"async\" data-id=\"4761\" src=\"https:\/\/www.poedelwitz.de\/wp-content\/uploads\/2023\/06\/20230617_205952-2-1024x768.jpg\" alt=\"\" class=\"wp-image-4761\"\/><\/figure>\n<\/figure>\n\n\n\n<p>Die Veranstaltung wurde mitfinanziert von dem SMJusDEG und Polylux e.V.<\/p>\n\n\n\n<figure class=\"wp-block-image size-large is-resized\"><img decoding=\"async\" src=\"https:\/\/www.poedelwitz.de\/wp-content\/uploads\/2022\/09\/03_Abbildungsdatei_Orte_der_Demokratie_1-1024x286.jpg\" alt=\"\" class=\"wp-image-4256\" width=\"423\" height=\"118\"\/><\/figure>\n\n\n\n<figure class=\"wp-block-image size-full\"><img decoding=\"async\" width=\"329\" height=\"87\" src=\"https:\/\/www.poedelwitz.de\/wp-content\/uploads\/2023\/07\/Polylux-Logo.png\" alt=\"\" class=\"wp-image-4770\" srcset=\"https:\/\/www.poedelwitz.de\/wp-content\/uploads\/2023\/07\/Polylux-Logo.png 329w, https:\/\/www.poedelwitz.de\/wp-content\/uploads\/2023\/07\/Polylux-Logo-300x79.png 300w, https:\/\/www.poedelwitz.de\/wp-content\/uploads\/2023\/07\/Polylux-Logo-18x5.png 18w\" sizes=\"(max-width: 329px) 100vw, 329px\" \/><\/figure>\n\n\n\n<p><\/p>","protected":false},"excerpt":{"rendered":"<p>Am vergangenen Samstag feierten wir das einj\u00e4hrige Jubil\u00e4um als Ort der Demokratie in P\u00f6delwitz. Da P\u00f6delwitz und seine Strukturwandelangelegenheiten viele bewegt und betrifft, haben wir ein buntes Publikum eingeladen. Sie alle verbinden Anliegen rund um P\u00f6delwitz.<\/p>","protected":false},"author":20,"featured_media":4752,"comment_status":"open","ping_status":"open","sticky":false,"template":"","format":"standard","meta":{"inline_featured_image":false,"footnotes":""},"categories":[1],"tags":[],"class_list":["post-4739","post","type-post","status-publish","format-standard","has-post-thumbnail","hentry","category-uncategorized"],"_links":{"self":[{"href":"https:\/\/www.poedelwitz.de\/en\/wp-json\/wp\/v2\/posts\/4739","targetHints":{"allow":["GET"]}}],"collection":[{"href":"https:\/\/www.poedelwitz.de\/en\/wp-json\/wp\/v2\/posts"}],"about":[{"href":"https:\/\/www.poedelwitz.de\/en\/wp-json\/wp\/v2\/types\/post"}],"author":[{"embeddable":true,"href":"https:\/\/www.poedelwitz.de\/en\/wp-json\/wp\/v2\/users\/20"}],"replies":[{"embeddable":true,"href":"https:\/\/www.poedelwitz.de\/en\/wp-json\/wp\/v2\/comments?post=4739"}],"version-history":[{"count":4,"href":"https:\/\/www.poedelwitz.de\/en\/wp-json\/wp\/v2\/posts\/4739\/revisions"}],"predecessor-version":[{"id":4771,"href":"https:\/\/www.poedelwitz.de\/en\/wp-json\/wp\/v2\/posts\/4739\/revisions\/4771"}],"wp:featuredmedia":[{"embeddable":true,"href":"https:\/\/www.poedelwitz.de\/en\/wp-json\/wp\/v2\/media\/4752"}],"wp:attachment":[{"href":"https:\/\/www.poedelwitz.de\/en\/wp-json\/wp\/v2\/media?parent=4739"}],"wp:term":[{"taxonomy":"category","embeddable":true,"href":"https:\/\/www.poedelwitz.de\/en\/wp-json\/wp\/v2\/categories?post=4739"},{"taxonomy":"post_tag","embeddable":true,"href":"https:\/\/www.poedelwitz.de\/en\/wp-json\/wp\/v2\/tags?post=4739"}],"curies":[{"name":"wp","href":"https:\/\/api.w.org\/{rel}","templated":true}]}}