{"id":4818,"date":"2023-09-30T18:00:13","date_gmt":"2023-09-30T16:00:13","guid":{"rendered":"https:\/\/www.poedelwitz.de\/?p=4818"},"modified":"2023-09-30T18:03:05","modified_gmt":"2023-09-30T16:03:05","slug":"der-beteiligungsprozess-zur-wiederbesiedelung-startet","status":"publish","type":"post","link":"https:\/\/www.poedelwitz.de\/en\/der-beteiligungsprozess-zur-wiederbesiedelung-startet","title":{"rendered":"Der Beteiligungsprozess zur Wiederbesiedelung startet"},"content":{"rendered":"<p>P\u00f6delwitz hat Zukunft e.V. hat am 26.09. mit zwei Vertretern und insgesamt 5 Vereinsmitgliedern am Beteiligungsauftakt zur Wiederbesiedlung der Ortslage P\u00f6delwitz Teil genommen. Als Verein begr\u00fc\u00dfen wir die Initiative der Stadt Groitzsch, in Zusammenarbeit mit den betroffenen Akteuren, u.a. der Mibrag, ein gemeinsames Dorfentwicklungskonzept zu entwickeln und bedanken uns bei den Organisatoren f\u00fcr das Vertrauen. Da wir bereits seit mehreren Jahren in Zusammenarbeit mit den Dorfbewohnerinnen und Dorfbewohnern Fein- und Finanzierungskonzepte f\u00fcr die Wiederbelebung entwickelt haben, freuen wir uns, diese einzubringen und an deren Umsetzung aktiv beteiligt zu sein.<br>Das eigene Umfeld politisch und demokratisch mitzugestalten macht nicht nur Freude und stiftet Sinn, wir hoffen zudem, dem Verfall der Geb\u00e4ude in P\u00f6delwitz entgegen zu wirken und als F\u00fcrsprecher f\u00fcr den Erhalt der Dorfstruktur als solche auftreten zu k\u00f6nnen.<br>Wir freuen uns auf eine vertrauensvolle Zusammenarbeit, offene Gespr\u00e4che und einen transparenten Beteiligungsprozess.<br>Wenn wir in die Zukunft von P\u00f6delwitz blicken, sehen wir wieder Schulkinder, die an der Bushaltestelle warten; dorf\u00fcbergreifende Konzepte und eine lebendige und solidarische Dorfgemeinschaft.<\/p>","protected":false},"excerpt":{"rendered":"<p>P\u00f6delwitz hat Zukunft e.V. hat am 26.09. mit zwei Vertretern und insgesamt 5 Vereinsmitgliedern am Beteiligungsauftakt zur Wiederbesiedlung der Ortslage P\u00f6delwitz Teil genommen. Als Verein begr\u00fc\u00dfen wir die Initiative der Stadt Groitzsch, in Zusammenarbeit mit den betroffenen Akteuren, u.a. der Mibrag, ein gemeinsames Dorfentwicklungskonzept zu entwickeln und bedanken uns bei den Organisatoren f\u00fcr das Vertrauen. [&hellip;]<\/p>\n","protected":false},"author":20,"featured_media":4496,"comment_status":"open","ping_status":"open","sticky":false,"template":"","format":"standard","meta":{"inline_featured_image":false,"footnotes":""},"categories":[1],"tags":[],"class_list":["post-4818","post","type-post","status-publish","format-standard","has-post-thumbnail","hentry","category-uncategorized"],"_links":{"self":[{"href":"https:\/\/www.poedelwitz.de\/en\/wp-json\/wp\/v2\/posts\/4818","targetHints":{"allow":["GET"]}}],"collection":[{"href":"https:\/\/www.poedelwitz.de\/en\/wp-json\/wp\/v2\/posts"}],"about":[{"href":"https:\/\/www.poedelwitz.de\/en\/wp-json\/wp\/v2\/types\/post"}],"author":[{"embeddable":true,"href":"https:\/\/www.poedelwitz.de\/en\/wp-json\/wp\/v2\/users\/20"}],"replies":[{"embeddable":true,"href":"https:\/\/www.poedelwitz.de\/en\/wp-json\/wp\/v2\/comments?post=4818"}],"version-history":[{"count":1,"href":"https:\/\/www.poedelwitz.de\/en\/wp-json\/wp\/v2\/posts\/4818\/revisions"}],"predecessor-version":[{"id":4819,"href":"https:\/\/www.poedelwitz.de\/en\/wp-json\/wp\/v2\/posts\/4818\/revisions\/4819"}],"wp:featuredmedia":[{"embeddable":true,"href":"https:\/\/www.poedelwitz.de\/en\/wp-json\/wp\/v2\/media\/4496"}],"wp:attachment":[{"href":"https:\/\/www.poedelwitz.de\/en\/wp-json\/wp\/v2\/media?parent=4818"}],"wp:term":[{"taxonomy":"category","embeddable":true,"href":"https:\/\/www.poedelwitz.de\/en\/wp-json\/wp\/v2\/categories?post=4818"},{"taxonomy":"post_tag","embeddable":true,"href":"https:\/\/www.poedelwitz.de\/en\/wp-json\/wp\/v2\/tags?post=4818"}],"curies":[{"name":"wp","href":"https:\/\/api.w.org\/{rel}","templated":true}]}}