{"id":4926,"date":"2023-12-23T13:40:06","date_gmt":"2023-12-23T12:40:06","guid":{"rendered":"https:\/\/www.poedelwitz.de\/?p=4926"},"modified":"2023-12-26T13:41:25","modified_gmt":"2023-12-26T12:41:25","slug":"denkmale-lieben-poedelwitz-hat-zukunft-denkmalnetz-sachsen","status":"publish","type":"post","link":"https:\/\/www.poedelwitz.de\/en\/denkmale-lieben-poedelwitz-hat-zukunft-denkmalnetz-sachsen","title":{"rendered":"DENKMALE L(I)EBEN: P\u00f6delwitz hat Zukunft! &#8211; Denkmalnetz Sachsen"},"content":{"rendered":"<p>Das Denkmalnetz Sachsen war zu Besuch in P\u00f6delwitz und hat mit uns \u00fcber Herausforderungen und Visionen unserer Arbeit in P\u00f6delwitz gesprochen. Das Video der Reihe DENKMALE L(I)EBEN findet ihr <a href=\"https:\/\/www.youtube.com\/watch?v=H0lyl0lpQu8\" title=\"hier\">hier<\/a>.  Im gleichen Zuge fand auch die Tagung des <a href=\"https:\/\/www.denkmalnetzsachsen.de\/\" title=\"Denkmalnetz Sachsen\">Denkmalnetz Sachsen<\/a> bei uns statt. Den spannenden Beitrag dazu findet ihr <a href=\"https:\/\/www.poedelwitz.de\/de\/2023\/10\/26\/poedelwitz-mit-traditioneller-dorfbaukultur-zurueck-in-die-zukunftsfaehigkeit-bericht-zur-tagung-orte-haeuser-menschen-laendliche-baukultur-zwischen-gefaehrdung-und-neuem-bewusstsein\/\" title=\"Mit traditioneller Dorf(Bau)Kultur zur\u00fcck in die Zukunftsf\u00e4higkeit?\">hier.<\/a><\/p>\n\n\n\n<p>Sie sagen dazu: \"Denkmale lieben, ist nicht schwer, sie zu erhalten oder zu neuem Leben zu erwecken jedoch h\u00e4ufig eine Herausforderung. Daf\u00fcr bedarf es u.a. Engagement und Herzblut. In unserer Serie DENKMALE L(I)EBEN zeigen wir Impressionen ausgew\u00e4hlter Beratungsobjekte des Denkmalnetz Sachsen und kommen mit Denkmaleigent\u00fcmer:innen und -engagierten zu Herausforderungen, Motivationen und Erfahrungswerten mit dem Denkmal ihres Herzens ins Gespr\u00e4ch. \"<\/p>\n\n\n\n<p>Lest mehr zum Thema auf der <\/p>\n\n\n\n<p>Website: www.denkmalnetzsachsen.de\/beitraege\/video-poedelwitz<\/p>\n\n\n\n<p>Von uns dabei sind: Kea Weber, Jens Hausner und Holger Schneider <\/p>\n\n\n\n<p> Kamera &amp; Schnitt: DNS, Malika Eilers <\/p>\n\n\n\n<p>Musik: DNS, Malika Eilers &amp; J\u00f6rg Blumenstein <\/p>\n\n\n\n<p>Fotos B\u00fcrgerinitiative: Pro P\u00f6delwitz<\/p>\n\n\n\n<figure class=\"wp-block-image size-large is-resized\"><img decoding=\"async\" width=\"1024\" height=\"220\" src=\"https:\/\/www.poedelwitz.de\/wp-content\/uploads\/2023\/09\/denkmalnetzsachsen-1024x220.png\" alt=\"\" class=\"wp-image-4823\" style=\"width:461px;height:auto\" srcset=\"https:\/\/www.poedelwitz.de\/wp-content\/uploads\/2023\/09\/denkmalnetzsachsen-1024x220.png 1024w, https:\/\/www.poedelwitz.de\/wp-content\/uploads\/2023\/09\/denkmalnetzsachsen-300x64.png 300w, https:\/\/www.poedelwitz.de\/wp-content\/uploads\/2023\/09\/denkmalnetzsachsen-768x165.png 768w, https:\/\/www.poedelwitz.de\/wp-content\/uploads\/2023\/09\/denkmalnetzsachsen-1600x343.png 1600w, https:\/\/www.poedelwitz.de\/wp-content\/uploads\/2023\/09\/denkmalnetzsachsen-1536x329.png 1536w, https:\/\/www.poedelwitz.de\/wp-content\/uploads\/2023\/09\/denkmalnetzsachsen-2048x439.png 2048w, https:\/\/www.poedelwitz.de\/wp-content\/uploads\/2023\/09\/denkmalnetzsachsen-18x4.png 18w\" sizes=\"(max-width: 1024px) 100vw, 1024px\" \/><\/figure>","protected":false},"excerpt":{"rendered":"<p>Das Denkmalnetz Sachsen war zu Besuch in P\u00f6delwitz und hat mit uns \u00fcber Herausforderungen und Visionen unserer Arbeit in P\u00f6delwitz gesprochen. Das Video der Reihe DENKMALE L(I)EBEN findet ihr hier. Im gleichen Zuge fand auch die Tagung des Denkmalnetz Sachsen bei uns statt. Den spannenden Beitrag dazu findet ihr hier. Sie sagen dazu: &#8220;Denkmale lieben, [&hellip;]<\/p>\n","protected":false},"author":20,"featured_media":0,"comment_status":"open","ping_status":"open","sticky":false,"template":"","format":"standard","meta":{"inline_featured_image":false,"footnotes":""},"categories":[1],"tags":[],"class_list":["post-4926","post","type-post","status-publish","format-standard","hentry","category-uncategorized"],"_links":{"self":[{"href":"https:\/\/www.poedelwitz.de\/en\/wp-json\/wp\/v2\/posts\/4926","targetHints":{"allow":["GET"]}}],"collection":[{"href":"https:\/\/www.poedelwitz.de\/en\/wp-json\/wp\/v2\/posts"}],"about":[{"href":"https:\/\/www.poedelwitz.de\/en\/wp-json\/wp\/v2\/types\/post"}],"author":[{"embeddable":true,"href":"https:\/\/www.poedelwitz.de\/en\/wp-json\/wp\/v2\/users\/20"}],"replies":[{"embeddable":true,"href":"https:\/\/www.poedelwitz.de\/en\/wp-json\/wp\/v2\/comments?post=4926"}],"version-history":[{"count":4,"href":"https:\/\/www.poedelwitz.de\/en\/wp-json\/wp\/v2\/posts\/4926\/revisions"}],"predecessor-version":[{"id":4940,"href":"https:\/\/www.poedelwitz.de\/en\/wp-json\/wp\/v2\/posts\/4926\/revisions\/4940"}],"wp:attachment":[{"href":"https:\/\/www.poedelwitz.de\/en\/wp-json\/wp\/v2\/media?parent=4926"}],"wp:term":[{"taxonomy":"category","embeddable":true,"href":"https:\/\/www.poedelwitz.de\/en\/wp-json\/wp\/v2\/categories?post=4926"},{"taxonomy":"post_tag","embeddable":true,"href":"https:\/\/www.poedelwitz.de\/en\/wp-json\/wp\/v2\/tags?post=4926"}],"curies":[{"name":"wp","href":"https:\/\/api.w.org\/{rel}","templated":true}]}}