{"id":5197,"date":"2024-07-01T14:27:20","date_gmt":"2024-07-01T12:27:20","guid":{"rendered":"https:\/\/www.poedelwitz.de\/?p=5197"},"modified":"2025-07-24T15:16:54","modified_gmt":"2025-07-24T13:16:54","slug":"ein-vielseithof-fuer-poedelwitz","status":"publish","type":"post","link":"https:\/\/www.poedelwitz.de\/en\/ein-vielseithof-fuer-poedelwitz","title":{"rendered":"Ein Vielseithof f\u00fcr P\u00f6delwitz"},"content":{"rendered":"<blockquote class=\"wp-block-quote is-layout-flow wp-block-quote-is-layout-flow\">\n<p><em>Jetzt unser erstes Hofprojekt unterst\u00fctzen!<\/em><\/p>\n<\/blockquote>\n\n\n\n<p><strong>Es geht richtig los!<\/strong> Im Dorf soll ein Hof verkauft werden. Auf dem ca. ein Hektar gro\u00dfen Grundst\u00fcck mit einer ausgebauten Wohnung, ehemaligen Kuhst\u00e4llen und einer eingefallenen Scheune k\u00f6nnte durch Sanierung und Neubau ein zentrales Element f\u00fcr ein lebendiges und vielf\u00e4ltiges Dorf entstehen: Das inklusive Hofprojekt \"Vielseithof\u201c.<\/p>\n\n\n\n<p>Wieso ein inklusives Hofprojekt in P\u00f6delwitz? Wir sind nur Wenige, die in P\u00f6delwitz nach der Umsiedelung verblieben sind, aber haben viele Ideen f\u00fcr die Zukunft des Dorfes. Die Idee des inklusiven Hofprojektes ist aus dem unmittelbaren Bedarf in der verbliebenen Dorfgemeinschaft entstanden. Wir wollen ein \"Dorf der kurzen Wege\", das hei\u00dft, viele Bed\u00fcrfnisse werden direkt vor Ort im Dorf umgesetzt, sodass sich Wohnen, Arbeiten und Freizeit miteinander verbinden und Projekte sich gegenseitig erg\u00e4nzen. Das momentane Projekt umfasst direkt mehrere Ziele. Ein P\u00f6delwitzer und langj\u00e4hriger Nachbar hat erh\u00f6hten Betreuungsbedarf, dies soll kein Grund sein weshalb er perspektivisch das Dorf verlassen muss. Au\u00dferdem suchen Menschen mit Unterst\u00fctzungsbedarf \u2013 egal ob aufgrund von Alter oder Behinderungen \u2013 im Landkreis Leipzig h\u00e4nderingend nach Betreuungsm\u00f6glichkeiten und Lebensorten, die eine Unterst\u00fctzung erm\u00f6glichen. Mit dem geplanten Hofprojekt m\u00f6chten wir sowohl den Unterst\u00fctzungsbedarf von Menschen aufgreifen als auch ankn\u00fcpfende Projekte umsetzen. Wir wollen in P\u00f6delwitz modellhaft leben, wie auf dem Land ein Wohnen mit Unterst\u00fctzung und eine gleichzeitige Selbstbestimmung und gemeinsames Wirken umgesetzt werden kann.<\/p>\n\n\n\n<p>Das inklusive Hofprojekt w\u00e4re also ein zentraler Teil der klimagerechten, selbstbestimmten und gemeinwohlorientierten Dorfentwicklung von P\u00f6delwitz, die sich an Commoning orientiert: bezeichnet selbstorganisiertes und bed\u00fcrfnisorientiertes gemeinsames Produzieren, Verwalten, Pflegen und \/ oder Nutzen.<\/p>\n\n\n\n<blockquote class=\"wp-block-quote is-layout-flow wp-block-quote-is-layout-flow\">\n<p><em>Macht mit bei unserem Crowdfunding und helft uns, den Traum des Vielseithofes Realit\u00e4t werden zu lassen!<\/em><\/p>\n<\/blockquote>\n\n\n\n<p><strong>Ein inklusives Hofprojekt.<\/strong> Der Vielseithof soll eine generations\u00fcbergreifende inklusive Hofgemeinschaft mit ambulant betreutem Wohnen und angegliederten inklusiven Be\u00adtrieben werden. Auf dem Hof wollen wir&nbsp;verschiedene Wohnformen erm\u00f6glichen. Abh\u00e4ngig von den Bed\u00fcrfnissen der Bewohner*innen k\u00f6nnen das gemischte Wohngemeinschaften, Familienwohnungen oder Einzelwohneinheiten sein. Erg\u00e4nzend zum Wohnbereich soll es ein B\u00fcro f\u00fcr das Assistenzpersonal, Coworking Spaces und inklusive Arbeitsbetriebe geben.<\/p>\n\n\n\n<p>Folgende inklusive Betriebe sollen auf dem Grundst\u00fcck des Vielseithofes umgesetzt werden: 1) eine Solidarische Landwirtschaft, wo im Dorf f\u00fcr das Dorf produziert werden soll, 2) ein Hofcaf\u00e9 als Begegnungsort und Anlaufstelle f\u00fcr Besucher*innen des Dorfes und 3) ein Baubetrieb, der in den kommenden Jahren essentiell f\u00fcr die Sanierung und den Neubau w\u00e4hrend der Wiederbelebung sein wird.<\/p>\n\n\n\n<figure class=\"wp-block-image size-full\"><img decoding=\"async\" width=\"800\" height=\"792\" src=\"https:\/\/www.poedelwitz.de\/wp-content\/uploads\/2022\/02\/SolaWi.png\" alt=\"\" class=\"wp-image-3601\" srcset=\"https:\/\/www.poedelwitz.de\/wp-content\/uploads\/2022\/02\/SolaWi.png 800w, https:\/\/www.poedelwitz.de\/wp-content\/uploads\/2022\/02\/SolaWi-300x297.png 300w, https:\/\/www.poedelwitz.de\/wp-content\/uploads\/2022\/02\/SolaWi-768x760.png 768w, https:\/\/www.poedelwitz.de\/wp-content\/uploads\/2022\/02\/SolaWi-12x12.png 12w\" sizes=\"(max-width: 800px) 100vw, 800px\" \/><\/figure>\n\n\n\n<p>Durch ein fachspezifisches Expert*innenwissen und gemeinsame Abstimmungen wird die inhaltliche Konzeption fortw\u00e4hrend optimiert. Daf\u00fcr stehen wir in engem Kontakt mit der Kommune, dem Landkreis, der Regionalplanung, bestehenden Projekten, Betroffenen und Beratungsstellen und mit Netzwerkstellen und Tr\u00e4gern der Behindertenhilfe.<\/p>\n\n\n\n<p><strong>Eine inklusive Gemeinschaft.<\/strong> Unser Ziel ist es, dass als Assistenz arbeitende Menschen ebenfalls im Dorf und Hof wohnen (k\u00f6nnen). Durch die gelebte Gemeinschaft im Hof und Dorf verschwimmen die klassischen Grenzen von Auftraggebenden und Auftragnehmenden, von Hilfegebenden und Hilfeempfangenden, von eingekaufter Arbeitskraft zu angebotener Dienstleistung.<\/p>\n\n\n\n<p>Jede Person bringt ihre F\u00e4higkeiten ein und bereichert eine Gemeinschaft. Menschen begegnen sich dadurch auf verschiedenen Ebenen und wirken zusammen, etwa bei gemeinsamen Entscheidungen w\u00e4hrend Dorfversammlungen, bei gemeinschaftlichen Arbeitskreisen oder -eins\u00e4tzen, in der Landwirtschaft oder der Kantine und bei Kinoabenden oder Festen. Damit gehen wir wichtige Schritte in Richtung einer gelebten Inklusion, die allt\u00e4gliche Realit\u00e4t wird. Wir wollen ein buntes lebendiges Dorf sein, in dem klar ist, dass alle eine gesunde Mitwelt brauchen und jeder Mensch andere bereichern kann.<\/p>\n\n\n\n<figure class=\"wp-block-image size-full\"><img decoding=\"async\" width=\"800\" height=\"616\" src=\"https:\/\/www.poedelwitz.de\/wp-content\/uploads\/2024\/07\/betreutes_wohnen.png\" alt=\"\" class=\"wp-image-5420\" srcset=\"https:\/\/www.poedelwitz.de\/wp-content\/uploads\/2024\/07\/betreutes_wohnen.png 800w, https:\/\/www.poedelwitz.de\/wp-content\/uploads\/2024\/07\/betreutes_wohnen-300x231.png 300w, https:\/\/www.poedelwitz.de\/wp-content\/uploads\/2024\/07\/betreutes_wohnen-768x591.png 768w, https:\/\/www.poedelwitz.de\/wp-content\/uploads\/2024\/07\/betreutes_wohnen-50x39.png 50w, https:\/\/www.poedelwitz.de\/wp-content\/uploads\/2024\/07\/betreutes_wohnen-16x12.png 16w\" sizes=\"(max-width: 800px) 100vw, 800px\" \/><\/figure>\n\n\n\n<p><strong>Das Grundst\u00fcck sichern - f\u00fcr eine gemeinwohlorientierte inklusive Dorfentwicklung<\/strong><\/p>\n\n\n\n<p>Mit dem Sammeln von Eigenkapital wollen wir gerade vor allem das Grundst\u00fcck sichern. Mit dem aus unserer Sicht unrealistischen Szenario der Flutung des Tagebaus, kann es ein Spekulationsinteresse rund um das Grundst\u00fcck geben. Und: die MIBRAG bzw. die EPH Holding hinter ihr, darf nicht noch mehr der Geb\u00e4ude in ihr Eigentum bekommen. Dass sie 80% der H\u00e4user in P\u00f6delwitz weiterhin beh\u00e4lt, leer stehen und verfallen l\u00e4sst, ist skandal\u00f6s! Gelingt uns der Grundst\u00fcckskauf k\u00f6nnen wir es in gemeinwohlorientierten Nutzen und Verwaltung von und f\u00fcr P\u00f6delwitzer*innen bringen und alleinigen Zweck des Profites entziehen. Im zweiten Schritt wollen wir dann auf der aktuellen Vorarbeit die konkrete Projektumsetzung beginnen. Daf\u00fcr braucht es f\u00fcr den Vielseithof eine Nutzungs\u00e4nderung der Fl\u00e4che und wir warten aktuell auf das Ergebnis der Bauvoranfrage. Ist diese positiv k\u00f6nnen wir schnell beginnen. Falls nicht, brauchen wir einen langen Atem und einge gute Zusammenarbeit mit der Kommune.<\/p>\n\n\n\n<blockquote class=\"wp-block-quote is-layout-flow wp-block-quote-is-layout-flow\">\n<p><em>Wir sammeln 200.000 \u20ac um das Grundst\u00fcck zu kaufen. Trage einen Teil dazu bei!<\/em><\/p>\n<\/blockquote>\n\n\n\n<p><strong>So kannst du unterst\u00fctzen.<\/strong> Um zeitnah f\u00fcr die weiterf\u00fchrenden Kaufverhandlungen vorbereitet zu sein, bauen wir momentan Eigenkapital auf. Von vielen bestehenden Haus- und Hofprojekten sind gemeinschaftliche Finanzierungen ein wichtiger Bestandteil. \u00dcber Direktkredite oder Spenden erh\u00f6ht sich das Eigenkapital, was dann wiederum die Aufnahme von Bankkrediten erleichtert und reduziert.<\/p>\n\n\n\n<p>Bei deinen Beitrags\u00fcberlegungen, wollen wir dir noch mitgeben: Jede Summe, die wir als Schenkung\/ Spende bekommen, entlastet uns und die Projekte vom wirtschaftlichem Druck und weitet die M\u00f6glichkeit des Commoning- des selbstorganisierten bed\u00fcrfnissorientierten Handelns. Dadurch k\u00f6nnen wir leichter ohne Gegenleistung zu erwarten, einen Raum des f\u00fcreinander Beitragens entwickeln, in P\u00f6delwitz und \u00fcber P\u00f6delwitz hinaus.\u00a0<\/p>\n\n\n\n<ul class=\"wp-block-list\">\n<li><strong>Einfach Spenden.<\/strong> Spenden kannst du direkt an unser Vereinskonto. Da wir euch eine Spendenbescheinigung ausstellen m\u00fcssen ben\u00f6tigen wir deinen Namen &amp; Adresse. Sp\u00e4ter wird es dann auch ein Crowdfunding \u00fcber einen externen Anbieter geben. Dort kannst du dann auch anonym spenden. Hier sind unsere Kontodaten:\n<ul class=\"wp-block-list\">\n<li><strong>Kontoinhaber*in: <\/strong>P\u00f6delwitz hat Zukunft e. V.<\/li>\n\n\n\n<li><strong>Geldinstitut:<\/strong> GLS Gemeinschaftsbank eG<\/li>\n\n\n\n<li><strong>BIC\/SWIFT:<\/strong> GENODEM1GLS<\/li>\n\n\n\n<li><strong>IBAN:<\/strong>&nbsp;DE78430609671276464900<\/li>\n\n\n\n<li>Verwendungszweck: Spende Vielseithof P\u00f6delwitz hat Zukunft (+ Namen und Anschrift)<\/li>\n<\/ul>\n<\/li>\n\n\n\n<li><strong>Nachrangdarlehen (Direktkredit) geben.<\/strong> Mit einem Nachrangdahrlehen leihst du uns dein Geld \u00fcber einen von dir festgelegten Zeitraum. Die weiteren Konditionen vereinbarst du mit uns gemeinsam. Wenn du uns mit einem Direktkredit unterst\u00fctzen willst, melde dich hier: <a href=\"https:\/\/www.poedelwitz.de\/\">vielseithof\u2202poedelwitz.de<\/a>. Die E-Mails verwalten von uns zwei Personen: Mambo und Nora. Per Mail bekommst du mehr Information zum Vorgehen. Deine Daten werden anonym behandelt.\u00a0              Falls du uns schon geschrieben hast, dass du einen Direkkredit geben m\u00f6chstest, werden wir dir bald schreiben und den Nachrangdarlehensvertrag zuschicken, um dann zusammen die Bedingungen zu regeln.<\/li>\n\n\n\n<li><strong>Teil unseres F\u00f6rderkreises werden. <\/strong>Wenn z.B. 20 Menschen jeden Monat 50 Euro geben, dann ist schon wahnsinnig viel getan, f\u00fcr ein Gestalten des Ortes, das sich von monet\u00e4ren Tauschbeziehungen l\u00f6st, hin zu Schenken und gemeinsamen Beitragen, Pflegen und Nutzen. So kann die Grundlage geschaffen werden, dass eine Hofwerkstatt als offene Werkstatt gestaltet wird, ein Bergelager \/ \u00f6kologischer Baustoffhandel solidarisch wirtschaften kann, das Wohnen unabh\u00e4ngiger von m\u00f6glichen Mietbeitr\u00e4gen aufgebaut wird oder ein Gemeinschaftsgarten und eine solidarische Landwirtschaft viele Menschen bed\u00fcrfnissorientiert versorgen.                                                        Willst du den Hof \u00fcber diesen Finanzierungs-F\u00f6rderkreis mittragen? Dann kannst du eigentlich schon direkt damit loslegen mit den Kontodaten oben. Schreib uns auch gerne noch dazu an <a href=\"\/\"  class=\"mailcrypt\">vielseithof<span><span>\u2202<\/span><\/span>poedelwitz.de<\/a><\/li>\n<\/ul>\n\n\n\n<blockquote class=\"wp-block-quote is-layout-flow wp-block-quote-is-layout-flow\">\n<p><em>Wir sammeln 200.000 \u20ac um das Grundst\u00fcck zu kaufen. Trage einen Teil dazu bei!<\/em><\/p>\n<\/blockquote>\n\n\n\n<p><a href=\"https:\/\/www.poedelwitz.de\/de\/vielseithof\" title=\"\">Hier <\/a>findest du noch mehr Informationen zum Projekt!<\/p>","protected":false},"excerpt":{"rendered":"<p>Jetzt unser erstes Hofprojekt unterst\u00fctzen! Es geht richtig los! Im Dorf soll ein Hof verkauft werden. Auf dem ca. ein Hektar gro\u00dfen Grundst\u00fcck mit einer ausgebauten Wohnung, ehemaligen Kuhst\u00e4llen und einer eingefallenen Scheune k\u00f6nnte durch Sanierung und Neubau ein zentrales Element f\u00fcr ein lebendiges und vielf\u00e4ltiges Dorf entstehen: Das inklusive Hofprojekt &#8220;Vielseithof\u201c. Wieso ein inklusives [&hellip;]<\/p>\n","protected":false},"author":20,"featured_media":5790,"comment_status":"open","ping_status":"open","sticky":false,"template":"","format":"standard","meta":{"inline_featured_image":false,"footnotes":""},"categories":[1],"tags":[],"class_list":["post-5197","post","type-post","status-publish","format-standard","has-post-thumbnail","hentry","category-uncategorized"],"_links":{"self":[{"href":"https:\/\/www.poedelwitz.de\/en\/wp-json\/wp\/v2\/posts\/5197","targetHints":{"allow":["GET"]}}],"collection":[{"href":"https:\/\/www.poedelwitz.de\/en\/wp-json\/wp\/v2\/posts"}],"about":[{"href":"https:\/\/www.poedelwitz.de\/en\/wp-json\/wp\/v2\/types\/post"}],"author":[{"embeddable":true,"href":"https:\/\/www.poedelwitz.de\/en\/wp-json\/wp\/v2\/users\/20"}],"replies":[{"embeddable":true,"href":"https:\/\/www.poedelwitz.de\/en\/wp-json\/wp\/v2\/comments?post=5197"}],"version-history":[{"count":16,"href":"https:\/\/www.poedelwitz.de\/en\/wp-json\/wp\/v2\/posts\/5197\/revisions"}],"predecessor-version":[{"id":5470,"href":"https:\/\/www.poedelwitz.de\/en\/wp-json\/wp\/v2\/posts\/5197\/revisions\/5470"}],"wp:featuredmedia":[{"embeddable":true,"href":"https:\/\/www.poedelwitz.de\/en\/wp-json\/wp\/v2\/media\/5790"}],"wp:attachment":[{"href":"https:\/\/www.poedelwitz.de\/en\/wp-json\/wp\/v2\/media?parent=5197"}],"wp:term":[{"taxonomy":"category","embeddable":true,"href":"https:\/\/www.poedelwitz.de\/en\/wp-json\/wp\/v2\/categories?post=5197"},{"taxonomy":"post_tag","embeddable":true,"href":"https:\/\/www.poedelwitz.de\/en\/wp-json\/wp\/v2\/tags?post=5197"}],"curies":[{"name":"wp","href":"https:\/\/api.w.org\/{rel}","templated":true}]}}