{"id":5438,"date":"2024-08-02T16:46:14","date_gmt":"2024-08-02T14:46:14","guid":{"rendered":"https:\/\/www.poedelwitz.de\/?p=5438"},"modified":"2025-07-24T15:00:37","modified_gmt":"2025-07-24T13:00:37","slug":"ort-der-demokratie-justizministerin-besucht-poedelwitz","status":"publish","type":"post","link":"https:\/\/www.poedelwitz.de\/en\/ort-der-demokratie-justizministerin-besucht-poedelwitz","title":{"rendered":"Ort der Demokratie &#8211; Justizministerin besucht P\u00f6delwitz"},"content":{"rendered":"<p><strong>Am 29.07.24 besuchte Katja Meier, die s\u00e4chsische Justizministerin, im Rahmen ihrer Sommertour die gef\u00f6rderten \"Orte der Demokratie\" und damit auch unser sch\u00f6nes P\u00f6delwitz. Was wurde alles mit dem Geld erreicht und wie steht es um das F\u00f6rderprojekt? Wie geht es mit der Vereins- und Demokratiearbeit nun gegen Ende der F\u00f6rderung weiter?<\/strong><\/p>\n\n\n\n<p><strong>Die Liste des Geschafften ist seit Ihrem letzten Besuch noch l\u00e4nger geworden!<\/strong> Neben unseren regelm\u00e4\u00dfigen Veranstaltungen, wie dem Kuchensonntag, Dorfversammlungen oder Reparatur-Cafes, konnten wir auch \u00fcber besondere Erfolge berichten: z.B. die etablierten runden Tische und die Vernetzungsarbeit im Denkmalschutz &amp; Inklusiven Wohnen, die kreativen Beteiligungsformate mit Kindern und Jugendlichen aus der Region, oder das Konkretisieren von Nutzungskonzepten f\u00fcr den Leerstand in unseren Schreibwerkst\u00e4tten. Mit Letzterem arbeiten wir dem Ortsentwicklungskonzept der Stadt Groitzsch und der KommStEG konstruktiv zu und beziehen die Dorfgemeinschaft aktiv in den Prozess mit ein.<\/p>\n\n\n\n<p><strong>Das Besondere an diesem Termin<\/strong> war jedoch, dass neben der s\u00e4chsischen Justizministerin auch Wolfram G\u00fcnther (Staatsminister f\u00fcr Energie, Klimaschutz, Umwelt und Landwirtschaft), sowie Thomas Hellriegel (Gesch\u00e4ftsf\u00fchrer der Kommunalen Strukturentwicklungsgesellschaft) und Oberb\u00fcrgermeister der Stadt Groitzsch, Maik Kunze, sich an dem Treffen beteiligten.<br>Denn <strong>so kamen kommunale und Landesebene ins Gespr\u00e4ch<\/strong> \u00fcber den <strong>Mehrwert <\/strong>und die <strong>Zukunft <\/strong>von <strong>P\u00f6delwitz<\/strong>. Eine gute Zusammenarbeit halten wir f\u00fcr unabdingbar, um den Ort schnell wiederzubeleben.<\/p>\n\n\n\n<figure class=\"wp-block-image size-large is-style-default\"><img decoding=\"async\" width=\"1024\" height=\"768\" src=\"https:\/\/www.poedelwitz.de\/wp-content\/uploads\/2024\/08\/image00003-edited-1024x768.jpeg\" alt=\"\" class=\"wp-image-5441\" srcset=\"https:\/\/www.poedelwitz.de\/wp-content\/uploads\/2024\/08\/image00003-edited-1024x768.jpeg 1024w, https:\/\/www.poedelwitz.de\/wp-content\/uploads\/2024\/08\/image00003-edited-300x225.jpeg 300w, https:\/\/www.poedelwitz.de\/wp-content\/uploads\/2024\/08\/image00003-edited-768x576.jpeg 768w, https:\/\/www.poedelwitz.de\/wp-content\/uploads\/2024\/08\/image00003-edited-50x38.jpeg 50w, https:\/\/www.poedelwitz.de\/wp-content\/uploads\/2024\/08\/image00003-edited-1600x1200.jpeg 1600w, https:\/\/www.poedelwitz.de\/wp-content\/uploads\/2024\/08\/image00003-edited-1536x1152.jpeg 1536w, https:\/\/www.poedelwitz.de\/wp-content\/uploads\/2024\/08\/image00003-edited-2048x1536.jpeg 2048w, https:\/\/www.poedelwitz.de\/wp-content\/uploads\/2024\/08\/image00003-edited-16x12.jpeg 16w\" sizes=\"(max-width: 1024px) 100vw, 1024px\" \/><figcaption class=\"wp-element-caption\">Hier ist noch Baustelle. Die Kirche wird derzeit saniert und umgebaut. Von links nach rechts: Jens Hausner, Katja Meier, Wolfram G\u00fcnther, Franziska Knauer, Maik Kunze, Sebastian Sch\u00f6ne<\/figcaption><\/figure>\n\n\n\n<p>Die wohl dr\u00e4ngendsten Themen unserer Zeit - der Demokratieerhalt und die Bew\u00e4ltigung der Klimakrise - werden hier zusammengedacht und in lokalen, alltagsnahen Projekten gemeinschaftlich angegangen. P\u00f6delwitz und die anderen \"Orte der Demokratie\" leisten hier einen wichtigen Beitrag.<\/p>\n\n\n\n<p>F\u00fcr unsere Arbeit rund um die Wiederbesiedelung in P\u00f6delwitz ist die finanzielle Unterst\u00fctzung durch das \u201eOrte der Demokratie\u201c Programm entsprechend sehr wertvoll. Deswegen m\u00f6chten wir uns f\u00fcr diese Form der Unterst\u00fctzung, als auch den Besuch aller Beteiligten und den konstruktiven Austausch an diesem Tag sehr bedanken.<br>Wir freuen uns bereits auf zuk\u00fcnftige Treffen und Zusammenarbeit!<\/p>","protected":false},"excerpt":{"rendered":"<p>Am 29.07.24 besuchte Katja Meier, die s\u00e4chsische Justizministerin, im Rahmen ihrer Sommertour die gef\u00f6rderten &#8220;Orte der Demokratie&#8221; und damit auch unser sch\u00f6nes P\u00f6delwitz. Was wurde alles mit dem Geld erreicht und wie steht es um das F\u00f6rderprojekt? Wie geht es mit der Vereins- und Demokratiearbeit nun gegen Ende der F\u00f6rderung weiter? Die Liste des Geschafften [&hellip;]<\/p>\n","protected":false},"author":22,"featured_media":5779,"comment_status":"open","ping_status":"open","sticky":false,"template":"","format":"standard","meta":{"inline_featured_image":false,"footnotes":"[]"},"categories":[1],"tags":[],"class_list":["post-5438","post","type-post","status-publish","format-standard","has-post-thumbnail","hentry","category-uncategorized"],"_links":{"self":[{"href":"https:\/\/www.poedelwitz.de\/en\/wp-json\/wp\/v2\/posts\/5438","targetHints":{"allow":["GET"]}}],"collection":[{"href":"https:\/\/www.poedelwitz.de\/en\/wp-json\/wp\/v2\/posts"}],"about":[{"href":"https:\/\/www.poedelwitz.de\/en\/wp-json\/wp\/v2\/types\/post"}],"author":[{"embeddable":true,"href":"https:\/\/www.poedelwitz.de\/en\/wp-json\/wp\/v2\/users\/22"}],"replies":[{"embeddable":true,"href":"https:\/\/www.poedelwitz.de\/en\/wp-json\/wp\/v2\/comments?post=5438"}],"version-history":[{"count":12,"href":"https:\/\/www.poedelwitz.de\/en\/wp-json\/wp\/v2\/posts\/5438\/revisions"}],"predecessor-version":[{"id":5785,"href":"https:\/\/www.poedelwitz.de\/en\/wp-json\/wp\/v2\/posts\/5438\/revisions\/5785"}],"wp:featuredmedia":[{"embeddable":true,"href":"https:\/\/www.poedelwitz.de\/en\/wp-json\/wp\/v2\/media\/5779"}],"wp:attachment":[{"href":"https:\/\/www.poedelwitz.de\/en\/wp-json\/wp\/v2\/media?parent=5438"}],"wp:term":[{"taxonomy":"category","embeddable":true,"href":"https:\/\/www.poedelwitz.de\/en\/wp-json\/wp\/v2\/categories?post=5438"},{"taxonomy":"post_tag","embeddable":true,"href":"https:\/\/www.poedelwitz.de\/en\/wp-json\/wp\/v2\/tags?post=5438"}],"curies":[{"name":"wp","href":"https:\/\/api.w.org\/{rel}","templated":true}]}}