{"id":5607,"date":"2024-12-10T12:54:11","date_gmt":"2024-12-10T11:54:11","guid":{"rendered":"https:\/\/www.poedelwitz.de\/?p=5607"},"modified":"2025-08-07T12:26:11","modified_gmt":"2025-08-07T10:26:11","slug":"poedelwitz-wird-gefoerdert","status":"publish","type":"post","link":"https:\/\/www.poedelwitz.de\/en\/poedelwitz-wird-gefoerdert","title":{"rendered":"P\u00f6delwitz wird gef\u00f6rdert!"},"content":{"rendered":"<p><strong>Ein Kapitel geht zu Ende und zwei neue beginnen. Wir bedanken uns nochmals herzlich f\u00fcr die gelungene Zusammenarbeit mit dem SMJusDEG und den anderen Sachsen-weit gef\u00f6rderten Projekten im Rahmen des F\u00f6rderprogramms \u201eOrte der Demokratie\u201c. Wir haben viele tolle und wichtige demokratief\u00f6rdernde Ma\u00dfnahmen umsetzen k\u00f6nnen, ein gro\u00dfes Netzwerk aufgebaut und sind als junger Verein sehr gewachsen. Zwar schlie\u00dft sich nun dieses Kapitel, aber wir freuen uns auf die neuen Wege, die wir ab 2025 gehen werden.<\/strong><\/p>\n\n\n\n<p>Im Rahmen des F\u00f6rderprogramms \u201eB\u00fcrgerbeteiligung\u201c (SMJusDEG) m\u00f6chten wir im Jahr 2025 mit umliegenden Schulen und dem Kinder- und Jugendring Landkreis Leipzig zusammenarbeiten. Ziel des Projektes ist, junge Menschen aus der Umgebung in die Gestaltung des Strukturwandels einzubinden und in diesem konkreten Kontext deren kreative, demokratische und fachliche Entfaltung zu f\u00f6rdern. Obwohl das Thema Strukturwandel gerade die jungen Generationen stark betrifft, gibt es kaum M\u00f6glichkeiten des Lernens und des eigenen Wirkens. Das Projekt verbindet wichtige Aspekte eines zukunftsgerichteten Lebens und erm\u00f6glicht Jugendlichen einen Einblick in 1) das Thema Strukturwandel und wie dieser selbstwirksam angegangen werden kann, 2) hiesige Kommunalpolitik, 3) die Umsetzung eigener Ideen in Hinblick auf Klimaresilienz von D\u00f6rfern und 4) die Ausarbeitung eigener W\u00fcnsche an die eigenen Wohnorte. Letzteres planen wir an den Groitzscher Stadtrat weiterzugegeben und in einen Kontakt zu kommen. Des Weiteren planen wir einen Workshop zu Medienkompetenz, Presse und Interviewf\u00e4higkeiten, der f\u00fcr alle Jugendliche der Umgebung zug\u00e4nglich ist.<\/p>\n\n\n\n<p>Im Rahmen des F\u00f6rderprogramms<a href=\"http:\/\/(https:\/\/neulandgewinner.de\/projekt\/zukunftsdorf-poedelwitz\/)\" data-type=\"link\" data-id=\"(https:\/\/neulandgewinner.de\/projekt\/zukunftsdorf-poedelwitz\/)\"> \u201eNeulandgewinner\u201c <\/a>m\u00f6chten wir im Jahr 2025 und 2026 mithilfe von zyklisch geplanten Dorfversammlungen und anschlie\u00dfenden Umsetzungsphasen relevante Themen bez\u00fcglich Klimaresilienz, Wasserknappheit und Ern\u00e4hrungssouver\u00e4nit\u00e4t im Dorf P\u00f6delwitz umsetzen. In themenspezifischen Dorfversammlungen wird zun\u00e4chst das schon vorhandene Wissen der 35 Dorfbewohner*innen zusammengetragen, danach wird anhand einer Bedarfsanalyse gemeinsam \u00fcberlegt, welche konkreten Ma\u00dfnahmen in den jeweiligen Umsetzungsphasen im Dorf umgesetzt werden. Am Ende jeden Zyklus dient eine Vollversammlung inklusive involvierten Akteur*innen zur Auswertung, Zelebrieren und Anpassung des n\u00e4chsten Zyklus. \u00dcber ein Klima-Dorffest und eine Prozess-Dokumentation, wird das erlangte Wissen in das Umland getragen und somit eine Strahlwirkung erzeugt.<\/p>\n\n\n\n<figure class=\"wp-block-image size-large is-resized\"><img decoding=\"async\" src=\"https:\/\/www.poedelwitz.de\/wp-content\/uploads\/2025\/01\/RGB_NLG_Balken_gru\u00a6en-1024x265.png\" alt=\"\" class=\"wp-image-5620\" style=\"width:391px;height:auto\"\/><\/figure>\n\n\n\n<figure class=\"wp-block-image size-full is-resized\"><img decoding=\"async\" width=\"768\" height=\"214\" src=\"https:\/\/www.poedelwitz.de\/wp-content\/uploads\/2023\/09\/03_Abbildungsdatei_Orte_der_Demokratie_1-768x214-1.jpg\" alt=\"\" class=\"wp-image-4814\" style=\"width:389px;height:auto\" srcset=\"https:\/\/www.poedelwitz.de\/wp-content\/uploads\/2023\/09\/03_Abbildungsdatei_Orte_der_Demokratie_1-768x214-1.jpg 768w, https:\/\/www.poedelwitz.de\/wp-content\/uploads\/2023\/09\/03_Abbildungsdatei_Orte_der_Demokratie_1-768x214-1-300x84.jpg 300w, https:\/\/www.poedelwitz.de\/wp-content\/uploads\/2023\/09\/03_Abbildungsdatei_Orte_der_Demokratie_1-768x214-1-18x5.jpg 18w\" sizes=\"(max-width: 768px) 100vw, 768px\" \/><\/figure>\n\n\n\n<p><\/p>","protected":false},"excerpt":{"rendered":"<p>Ein Kapitel geht zu Ende und zwei neue beginnen. Wir bedanken uns nochmals herzlich f\u00fcr die gelungene Zusammenarbeit mit dem SMJusDEG und den anderen Sachsen-weit gef\u00f6rderten Projekten im Rahmen des F\u00f6rderprogramms \u201eOrte der Demokratie\u201c. Wir haben viele tolle und wichtige demokratief\u00f6rdernde Ma\u00dfnahmen umsetzen k\u00f6nnen, ein gro\u00dfes Netzwerk aufgebaut und sind als junger Verein sehr gewachsen. [&hellip;]<\/p>\n","protected":false},"author":20,"featured_media":5778,"comment_status":"open","ping_status":"open","sticky":false,"template":"","format":"standard","meta":{"inline_featured_image":false,"footnotes":""},"categories":[1],"tags":[],"class_list":["post-5607","post","type-post","status-publish","format-standard","has-post-thumbnail","hentry","category-uncategorized"],"_links":{"self":[{"href":"https:\/\/www.poedelwitz.de\/en\/wp-json\/wp\/v2\/posts\/5607","targetHints":{"allow":["GET"]}}],"collection":[{"href":"https:\/\/www.poedelwitz.de\/en\/wp-json\/wp\/v2\/posts"}],"about":[{"href":"https:\/\/www.poedelwitz.de\/en\/wp-json\/wp\/v2\/types\/post"}],"author":[{"embeddable":true,"href":"https:\/\/www.poedelwitz.de\/en\/wp-json\/wp\/v2\/users\/20"}],"replies":[{"embeddable":true,"href":"https:\/\/www.poedelwitz.de\/en\/wp-json\/wp\/v2\/comments?post=5607"}],"version-history":[{"count":4,"href":"https:\/\/www.poedelwitz.de\/en\/wp-json\/wp\/v2\/posts\/5607\/revisions"}],"predecessor-version":[{"id":5783,"href":"https:\/\/www.poedelwitz.de\/en\/wp-json\/wp\/v2\/posts\/5607\/revisions\/5783"}],"wp:featuredmedia":[{"embeddable":true,"href":"https:\/\/www.poedelwitz.de\/en\/wp-json\/wp\/v2\/media\/5778"}],"wp:attachment":[{"href":"https:\/\/www.poedelwitz.de\/en\/wp-json\/wp\/v2\/media?parent=5607"}],"wp:term":[{"taxonomy":"category","embeddable":true,"href":"https:\/\/www.poedelwitz.de\/en\/wp-json\/wp\/v2\/categories?post=5607"},{"taxonomy":"post_tag","embeddable":true,"href":"https:\/\/www.poedelwitz.de\/en\/wp-json\/wp\/v2\/tags?post=5607"}],"curies":[{"name":"wp","href":"https:\/\/api.w.org\/{rel}","templated":true}]}}