{"id":5611,"date":"2025-02-10T13:14:35","date_gmt":"2025-02-10T12:14:35","guid":{"rendered":"https:\/\/www.poedelwitz.de\/?p=5611"},"modified":"2025-08-07T12:26:39","modified_gmt":"2025-08-07T10:26:39","slug":"endlich-der-kaufvertrag-ist-unterschrieben","status":"publish","type":"post","link":"https:\/\/www.poedelwitz.de\/en\/endlich-der-kaufvertrag-ist-unterschrieben","title":{"rendered":"Endlich: Der Kaufvertrag ist unterschrieben!"},"content":{"rendered":"<p><strong>Liebe Unterst\u00fctzer*innen, Interessierte, langj\u00e4hrige und kurzfristige Begleiter*innen von P\u00f6delwitz, zum Jahresende und zum \u00dcbergang in ein neues Jahr gab es noch ein kleines Weihnachtspaket in P\u00f6delwitz, dass wir in letzter Sekunde noch zu den T\u00e4tigkeiten des Jahres dazulegen konnten. Wir haben am 19.12. den Kaufvertrag zum zuk\u00fcnftigen Vielseithof unterzeichnet, womit wir dieses Kapitel nach intensiven Kaufverhandlungen abschlie\u00dfen k\u00f6nnen. Nun w\u00e4chst unser Tatendrang und die Aufregung, in die Kapitel des n\u00e4chsten Jahres zu blicken.<\/strong><\/p>\n\n\n\n<p>Manches l\u00e4sst uns etwas erschaudern, leicht gruseln, manches wieder freudig losst\u00fcrmen. Und es gibt Kapitel, die etwas tr\u00e4ge und zuweilen auch mal mit z\u00e4hen Spannungsb\u00f6gen einhergehen. Ein solches Kapitel, das uns ins neue Jahr begleitet, ist das Baurecht. Wir haben leider noch keine Planungssicherheit in Bezug auf das Baurecht. Die Bauvoranfrage wurde zun\u00e4chst abgelehnt und nun sind wir mit einer Fristverl\u00e4ngerung weiter in Gespr\u00e4chen mit dem Bauamt und politischen Vertreter*innen, um M\u00f6glichkeiten auszuloten und hoffentlich den Weg zu ebnen, gemeinsam einen Bebauungsplan zu erstellen. Spontaner und freudvoller werden nat\u00fcrlich die ersten Perspektiven auf den Fr\u00fchling, die Grundst\u00fccks\u00fcbergabe und die erste Hofnutzung sein. Das B\u00fcndnis Wohn:Sinn f\u00fcr inklusives Wohnen unterst\u00fctzt mit ihrer Expertise die gemeinschaftliche Konzeptentwicklung.<\/p>\n\n\n\n<p>Wir freuen uns auf die Pflege der H\u00fchner, den alten Hofhund Fritz, den Aufbau eines Gew\u00e4chshauses und die Nutzung der Infrastruktur. Vielleicht kann auf dem Hof im Jahr 2025 auch schon die erste Veranstaltung stattfinden, z.B. einer unserer Kuchensonntage oder ein Fest. Auch freuen wir uns auf die herbstlichen Verarbeitungswochen von den Allmendefr\u00fcchten, die wir im \"essbaren Dorf\" P\u00f6delwitz ernten werden. Bis dahin werden jedoch noch einige Jahreszeiten vergehen und wir werden viele weitere Schritte beim Aufbau des Vielseithofs machen.<\/p>\n\n\n\n<p><strong>Wir m\u00f6chten euch f\u00fcr eure bisherige Unterst\u00fctzung von Herzen danken!<\/strong><\/p>\n\n\n\n<p>In einer Zeit, die uns viel Unruhe und auch viele schlaflosen N\u00e4chten bescherte, kamen eure vielen Nachrichten \u00fcber Nachrangdarlehen und Spenden hinein. Das hat uns enorme Kraft und Zuversicht gegeben, Danke! Zudem haben uns viele Menschen aus dem Umland kontaktiert und schon jetzt Bedarfe nach einem inklusiven Wirk- und Lebensort angek\u00fcndigt. All dies best\u00e4rkt uns in der \u00dcberzeugung, dass dieses Projekt von einer gemeinsamen Vision getragen wird: der Aufbau vom Vielseithof und der Wunsch P\u00f6delwitz modellhaft wiederzubeleben \u2013 klimagerecht, inklusiv und mit einer gro\u00dfen Portion Gemeinsinn.<\/p>\n\n\n\n<p>Wir f\u00fchlen tiefe Dankbarkeit, dass wir gemeinsam mit euch und so vielen weiteren Menschen auf der Welt gemeinschaftlich wirken d\u00fcrfen und in diesen st\u00fcrmischen Zeiten diesen Gemeinsinn hochhalten!<\/p>\n\n\n\n<p><strong>Hier in P\u00f6delwitz und mit euch ist dies ganz praktisch greifbar. Auf ein gutes Jahr!<\/strong><\/p>","protected":false},"excerpt":{"rendered":"<p>Liebe Unterst\u00fctzer*innen, Interessierte, langj\u00e4hrige und kurzfristige Begleiter*innen von P\u00f6delwitz, zum Jahresende und zum \u00dcbergang in ein neues Jahr gab es noch ein kleines Weihnachtspaket in P\u00f6delwitz, dass wir in letzter Sekunde noch zu den T\u00e4tigkeiten des Jahres dazulegen konnten. Wir haben am 19.12. den Kaufvertrag zum zuk\u00fcnftigen Vielseithof unterzeichnet, womit wir dieses Kapitel nach intensiven [&hellip;]<\/p>\n","protected":false},"author":20,"featured_media":5777,"comment_status":"open","ping_status":"open","sticky":false,"template":"","format":"standard","meta":{"inline_featured_image":false,"footnotes":""},"categories":[1],"tags":[],"class_list":["post-5611","post","type-post","status-publish","format-standard","has-post-thumbnail","hentry","category-uncategorized"],"_links":{"self":[{"href":"https:\/\/www.poedelwitz.de\/en\/wp-json\/wp\/v2\/posts\/5611","targetHints":{"allow":["GET"]}}],"collection":[{"href":"https:\/\/www.poedelwitz.de\/en\/wp-json\/wp\/v2\/posts"}],"about":[{"href":"https:\/\/www.poedelwitz.de\/en\/wp-json\/wp\/v2\/types\/post"}],"author":[{"embeddable":true,"href":"https:\/\/www.poedelwitz.de\/en\/wp-json\/wp\/v2\/users\/20"}],"replies":[{"embeddable":true,"href":"https:\/\/www.poedelwitz.de\/en\/wp-json\/wp\/v2\/comments?post=5611"}],"version-history":[{"count":6,"href":"https:\/\/www.poedelwitz.de\/en\/wp-json\/wp\/v2\/posts\/5611\/revisions"}],"predecessor-version":[{"id":5782,"href":"https:\/\/www.poedelwitz.de\/en\/wp-json\/wp\/v2\/posts\/5611\/revisions\/5782"}],"wp:featuredmedia":[{"embeddable":true,"href":"https:\/\/www.poedelwitz.de\/en\/wp-json\/wp\/v2\/media\/5777"}],"wp:attachment":[{"href":"https:\/\/www.poedelwitz.de\/en\/wp-json\/wp\/v2\/media?parent=5611"}],"wp:term":[{"taxonomy":"category","embeddable":true,"href":"https:\/\/www.poedelwitz.de\/en\/wp-json\/wp\/v2\/categories?post=5611"},{"taxonomy":"post_tag","embeddable":true,"href":"https:\/\/www.poedelwitz.de\/en\/wp-json\/wp\/v2\/tags?post=5611"}],"curies":[{"name":"wp","href":"https:\/\/api.w.org\/{rel}","templated":true}]}}